{"id":112611,"date":"2024-03-25T13:55:34","date_gmt":"2024-03-25T12:55:34","guid":{"rendered":"https:\/\/www.zsben.cz\/wordpress\/?p=112611"},"modified":"2024-03-26T11:28:44","modified_gmt":"2024-03-26T10:28:44","slug":"112611","status":"publish","type":"post","link":"https:\/\/www.zsben.cz\/wordpress\/?p=112611","title":{"rendered":"1. m\u00edsto v okresn\u00edm kole Biologick\u00e9 olympi\u00e1dy kategorie C"},"content":{"rendered":"<p>Dne 19.3. 2024 se na vla\u0161imsk\u00e9m gymn\u00e1ziu konalo okresn\u00ed kolo Biologick\u00e9 olympi\u00e1dy kategorie C. I na\u0161e \u0161kola zde m\u011bla sv\u00e9 z\u00e1stupce, Olgu Z\u00e1klasn\u00edkovou z 8.E, Kry\u0161tofa \u010cecha z 8.B a Terezu Dvo\u0159\u00e1kovou z 9.E. Olga zvl\u00e1dla v\u0161echny \u00fakoly nejl\u00e9pe a um\u00edstila se na 1. m\u00edst\u011b. I Kry\u0161tofovi a Terce se ve velk\u00e9 konkurenci \u017e\u00e1k\u016f z cel\u00e9ho okresu da\u0159ilo. Kry\u0161tof se um\u00edstil na kr\u00e1sn\u00e9m 7.m\u00edst\u011b a Terka na 10. m\u00edst\u011b. Olze gratulujeme k postupu do krajsk\u00e9ho kola BiO a v\u0161em d\u011bkujeme za vzornou reprezentaci \u0161koly.<\/p>\n<p>&nbsp;<\/p>\n<p>RNDr. Kate\u0159ina Mike\u0161ov\u00e1<\/p>\n<p>&nbsp;<\/p>\n<p>&nbsp;<\/p>\n<div class=\"fcbkbttn_buttons_block\" id=\"fcbkbttn_left\"><div class=\"fcbkbttn_like \"><div class=\"fb-like fb-like-button_count\" data-href=\"https:\/\/www.zsben.cz\/wordpress\/?p=112611\" data-colorscheme=\"light\" data-layout=\"button_count\" data-action=\"like\"  data-size=\"small\"><\/div><\/div><div class=\"fb-share-button  \" data-href=\"https:\/\/www.zsben.cz\/wordpress\/?p=112611\" data-type=\"button_count\" data-size=\"small\"><\/div><\/div>","protected":false},"excerpt":{"rendered":"<p>Dne 19.3. 2024 se na vla\u0161imsk\u00e9m gymn\u00e1ziu konalo okresn\u00ed kolo Biologick\u00e9 olympi\u00e1dy kategorie C. I na\u0161e \u0161kola zde m\u011bla sv\u00e9 z\u00e1stupce, Olgu Z\u00e1klasn\u00edkovou z 8.E, Kry\u0161tofa \u010cecha z 8.B a Terezu Dvo\u0159\u00e1kovou z 9.E. Olga zvl\u00e1dla v\u0161echny \u00fakoly nejl\u00e9pe a um\u00edstila se na 1. m\u00edst\u011b. I Kry\u0161tofovi a Terce se ve velk\u00e9 konkurenci \u017e\u00e1k\u016f z [&hellip;]<\/p>\n","protected":false},"author":5,"featured_media":0,"comment_status":"closed","ping_status":"closed","sticky":false,"template":"","format":"standard","meta":{"ngg_post_thumbnail":0,"footnotes":""},"categories":[1],"tags":[],"class_list":["post-112611","post","type-post","status-publish","format-standard","hentry","category-aktuality"],"_links":{"self":[{"href":"https:\/\/www.zsben.cz\/wordpress\/index.php?rest_route=\/wp\/v2\/posts\/112611","targetHints":{"allow":["GET"]}}],"collection":[{"href":"https:\/\/www.zsben.cz\/wordpress\/index.php?rest_route=\/wp\/v2\/posts"}],"about":[{"href":"https:\/\/www.zsben.cz\/wordpress\/index.php?rest_route=\/wp\/v2\/types\/post"}],"author":[{"embeddable":true,"href":"https:\/\/www.zsben.cz\/wordpress\/index.php?rest_route=\/wp\/v2\/users\/5"}],"replies":[{"embeddable":true,"href":"https:\/\/www.zsben.cz\/wordpress\/index.php?rest_route=%2Fwp%2Fv2%2Fcomments&post=112611"}],"version-history":[{"count":4,"href":"https:\/\/www.zsben.cz\/wordpress\/index.php?rest_route=\/wp\/v2\/posts\/112611\/revisions"}],"predecessor-version":[{"id":112837,"href":"https:\/\/www.zsben.cz\/wordpress\/index.php?rest_route=\/wp\/v2\/posts\/112611\/revisions\/112837"}],"wp:attachment":[{"href":"https:\/\/www.zsben.cz\/wordpress\/index.php?rest_route=%2Fwp%2Fv2%2Fmedia&parent=112611"}],"wp:term":[{"taxonomy":"category","embeddable":true,"href":"https:\/\/www.zsben.cz\/wordpress\/index.php?rest_route=%2Fwp%2Fv2%2Fcategories&post=112611"},{"taxonomy":"post_tag","embeddable":true,"href":"https:\/\/www.zsben.cz\/wordpress\/index.php?rest_route=%2Fwp%2Fv2%2Ftags&post=112611"}],"curies":[{"name":"wp","href":"https:\/\/api.w.org\/{rel}","templated":true}]}}