{"id":111978,"date":"2024-02-25T21:29:33","date_gmt":"2024-02-25T20:29:33","guid":{"rendered":"https:\/\/www.zsben.cz\/wordpress\/?p=111978"},"modified":"2024-02-25T21:29:33","modified_gmt":"2024-02-25T20:29:33","slug":"maskarni-karneval-ve-skolni-druzine","status":"publish","type":"post","link":"https:\/\/www.zsben.cz\/wordpress\/?p=111978","title":{"rendered":"Ma\u0161karn\u00ed karneval ve \u0161koln\u00ed dru\u017ein\u011b"},"content":{"rendered":"<p>V \u00fanoru se ve \u0161koln\u00ed dru\u017ein\u011b konala tradi\u010dn\u00ed s\u00e9rie ma\u0161karn\u00edch karneval\u016f. V \u00fater\u00fd 13. \u00fanora si odpoledne pln\u00e9 tance a sout\u011b\u017e\u00ed u\u017eili \u017e\u00e1ci prvn\u00edch t\u0159\u00edd. N\u00e1sleduj\u00edc\u00edho dne se veselili \u017e\u00e1ci druh\u00fdch t\u0159\u00edd i \u017e\u00e1ci p\u0159\u00edpravn\u00e9 t\u0159\u00eddy. Posledn\u00edm dnem karnevalov\u00e9ho vesel\u00ed byl p\u00e1tek 16. \u00fanora, kdy se zapojili do t\u00e9to z\u00e1bavy \u017e\u00e1ci t\u0159et\u00edch a \u010dtvrt\u00fdch t\u0159\u00edd. V na\u0161\u00ed fotogalerii m\u00e1te mo\u017enost nahl\u00e9dnout, jak tato t\u0159i n\u00e1dhern\u00e1 odpoledne prob\u00edhala.<\/p>\n<p>Za \u0161koln\u00ed dru\u017einu H. Dvo\u0159\u00e1kov\u00e1<\/p>\n<p>Fotogalerie ze dne 13. \u00fanora:<br \/>\nngg_shortcode_0_placeholderD\u011bkujeme d\u011bv\u010dat\u016fm &#8220;trpasl\u00edk\u016fm&#8221; ze 7.C, 7.D a 9.D za pomoc s realizac\u00ed odpoledne pro 1. t\u0159\u00eddy.<\/p>\n<p>Fotogalerie ze dne 14. \u00fanora:ngg_shortcode_1_placeholder<\/p>\n<p>Fotogalerie ze dne 16. \u00fanora:ngg_shortcode_2_placeholder<\/p>\n<div class=\"fcbkbttn_buttons_block\" id=\"fcbkbttn_left\"><div class=\"fcbkbttn_like \"><div class=\"fb-like fb-like-button_count\" data-href=\"https:\/\/www.zsben.cz\/wordpress\/?p=111978\" data-colorscheme=\"light\" data-layout=\"button_count\" data-action=\"like\"  data-size=\"small\"><\/div><\/div><div class=\"fb-share-button  \" data-href=\"https:\/\/www.zsben.cz\/wordpress\/?p=111978\" data-type=\"button_count\" data-size=\"small\"><\/div><\/div>","protected":false},"excerpt":{"rendered":"<p>V \u00fanoru se ve \u0161koln\u00ed dru\u017ein\u011b konala tradi\u010dn\u00ed s\u00e9rie ma\u0161karn\u00edch karneval\u016f. V \u00fater\u00fd 13. \u00fanora si odpoledne pln\u00e9 tance a sout\u011b\u017e\u00ed u\u017eili \u017e\u00e1ci prvn\u00edch t\u0159\u00edd. N\u00e1sleduj\u00edc\u00edho dne se veselili \u017e\u00e1ci druh\u00fdch t\u0159\u00edd i \u017e\u00e1ci p\u0159\u00edpravn\u00e9 t\u0159\u00eddy. Posledn\u00edm dnem karnevalov\u00e9ho vesel\u00ed byl p\u00e1tek 16. \u00fanora, kdy se zapojili do t\u00e9to z\u00e1bavy \u017e\u00e1ci t\u0159et\u00edch a \u010dtvrt\u00fdch t\u0159\u00edd. [&hellip;]<\/p>\n","protected":false},"author":36,"featured_media":0,"comment_status":"closed","ping_status":"closed","sticky":false,"template":"","format":"standard","meta":{"ngg_post_thumbnail":0,"footnotes":""},"categories":[1,14],"tags":[],"class_list":["post-111978","post","type-post","status-publish","format-standard","hentry","category-aktuality","category-skolni-druzina"],"_links":{"self":[{"href":"https:\/\/www.zsben.cz\/wordpress\/index.php?rest_route=\/wp\/v2\/posts\/111978","targetHints":{"allow":["GET"]}}],"collection":[{"href":"https:\/\/www.zsben.cz\/wordpress\/index.php?rest_route=\/wp\/v2\/posts"}],"about":[{"href":"https:\/\/www.zsben.cz\/wordpress\/index.php?rest_route=\/wp\/v2\/types\/post"}],"author":[{"embeddable":true,"href":"https:\/\/www.zsben.cz\/wordpress\/index.php?rest_route=\/wp\/v2\/users\/36"}],"replies":[{"embeddable":true,"href":"https:\/\/www.zsben.cz\/wordpress\/index.php?rest_route=%2Fwp%2Fv2%2Fcomments&post=111978"}],"version-history":[{"count":6,"href":"https:\/\/www.zsben.cz\/wordpress\/index.php?rest_route=\/wp\/v2\/posts\/111978\/revisions"}],"predecessor-version":[{"id":111984,"href":"https:\/\/www.zsben.cz\/wordpress\/index.php?rest_route=\/wp\/v2\/posts\/111978\/revisions\/111984"}],"wp:attachment":[{"href":"https:\/\/www.zsben.cz\/wordpress\/index.php?rest_route=%2Fwp%2Fv2%2Fmedia&parent=111978"}],"wp:term":[{"taxonomy":"category","embeddable":true,"href":"https:\/\/www.zsben.cz\/wordpress\/index.php?rest_route=%2Fwp%2Fv2%2Fcategories&post=111978"},{"taxonomy":"post_tag","embeddable":true,"href":"https:\/\/www.zsben.cz\/wordpress\/index.php?rest_route=%2Fwp%2Fv2%2Ftags&post=111978"}],"curies":[{"name":"wp","href":"https:\/\/api.w.org\/{rel}","templated":true}]}}