{"id":110024,"date":"2023-12-18T22:28:33","date_gmt":"2023-12-18T21:28:33","guid":{"rendered":"https:\/\/www.zsben.cz\/wordpress\/?p=110024"},"modified":"2023-12-18T22:28:33","modified_gmt":"2023-12-18T21:28:33","slug":"tady-jsme-doma","status":"publish","type":"post","link":"https:\/\/www.zsben.cz\/wordpress\/?p=110024","title":{"rendered":"Tady jsme doma"},"content":{"rendered":"<p>Ve st\u0159edu 13. prosince jsme nav\u0161t\u00edvili d\u011btsk\u00e9 odd\u011blen\u00ed knihovny v Bene\u0161ov\u011b. Program, kter\u00fd si pro n\u00e1s pan\u00ed Kalendov\u00e1 p\u0159ipravila, byl tentokr\u00e1t v\u011bnov\u00e1n pozn\u00e1v\u00e1n\u00ed na\u0161\u00ed planety i ostatn\u00edch planet na\u0161\u00ed Slune\u010dn\u00ed soustavy.<br \/>\nP\u00e1trali jsme po vzniku na\u0161\u00ed kr\u00e1sn\u00e9 planety, po jej\u00edch obyvatel\u00edch z \u0159\u00ed\u0161e \u017eivo\u010di\u0161n\u00e9, rostlinn\u00e9 i ne\u017eiv\u00e9. Pov\u00eddali jsme si o tom, co Zemi tr\u00e1p\u00ed, ohro\u017euje a jak j\u00ed m\u016f\u017eeme pomoci.<br \/>\nP\u0159i zp\u00e1te\u010dn\u00ed cest\u011b jsme se zastavili u jesli\u010dek a zazp\u00edvali si u nich koledy.<\/p>\n<p>Text a foto: PaedDr.Ivana Pallov\u00e1<\/p>\n<p>&nbsp;<\/p>\nngg_shortcode_0_placeholder\n<div class=\"fcbkbttn_buttons_block\" id=\"fcbkbttn_left\"><div class=\"fcbkbttn_like \"><div class=\"fb-like fb-like-button_count\" data-href=\"https:\/\/www.zsben.cz\/wordpress\/?p=110024\" data-colorscheme=\"light\" data-layout=\"button_count\" data-action=\"like\"  data-size=\"small\"><\/div><\/div><div class=\"fb-share-button  \" data-href=\"https:\/\/www.zsben.cz\/wordpress\/?p=110024\" data-type=\"button_count\" data-size=\"small\"><\/div><\/div>","protected":false},"excerpt":{"rendered":"<p>Ve st\u0159edu 13. prosince jsme nav\u0161t\u00edvili d\u011btsk\u00e9 odd\u011blen\u00ed knihovny v Bene\u0161ov\u011b. Program, kter\u00fd si pro n\u00e1s pan\u00ed Kalendov\u00e1 p\u0159ipravila, byl tentokr\u00e1t v\u011bnov\u00e1n pozn\u00e1v\u00e1n\u00ed na\u0161\u00ed planety i ostatn\u00edch planet na\u0161\u00ed Slune\u010dn\u00ed soustavy. P\u00e1trali jsme po vzniku na\u0161\u00ed kr\u00e1sn\u00e9 planety, po jej\u00edch obyvatel\u00edch z \u0159\u00ed\u0161e \u017eivo\u010di\u0161n\u00e9, rostlinn\u00e9 i ne\u017eiv\u00e9. Pov\u00eddali jsme si o tom, co Zemi tr\u00e1p\u00ed, [&hellip;]<\/p>\n","protected":false},"author":15,"featured_media":0,"comment_status":"closed","ping_status":"closed","sticky":false,"template":"","format":"standard","meta":{"ngg_post_thumbnail":0,"footnotes":""},"categories":[1],"tags":[],"class_list":["post-110024","post","type-post","status-publish","format-standard","hentry","category-aktuality"],"_links":{"self":[{"href":"https:\/\/www.zsben.cz\/wordpress\/index.php?rest_route=\/wp\/v2\/posts\/110024","targetHints":{"allow":["GET"]}}],"collection":[{"href":"https:\/\/www.zsben.cz\/wordpress\/index.php?rest_route=\/wp\/v2\/posts"}],"about":[{"href":"https:\/\/www.zsben.cz\/wordpress\/index.php?rest_route=\/wp\/v2\/types\/post"}],"author":[{"embeddable":true,"href":"https:\/\/www.zsben.cz\/wordpress\/index.php?rest_route=\/wp\/v2\/users\/15"}],"replies":[{"embeddable":true,"href":"https:\/\/www.zsben.cz\/wordpress\/index.php?rest_route=%2Fwp%2Fv2%2Fcomments&post=110024"}],"version-history":[{"count":3,"href":"https:\/\/www.zsben.cz\/wordpress\/index.php?rest_route=\/wp\/v2\/posts\/110024\/revisions"}],"predecessor-version":[{"id":110040,"href":"https:\/\/www.zsben.cz\/wordpress\/index.php?rest_route=\/wp\/v2\/posts\/110024\/revisions\/110040"}],"wp:attachment":[{"href":"https:\/\/www.zsben.cz\/wordpress\/index.php?rest_route=%2Fwp%2Fv2%2Fmedia&parent=110024"}],"wp:term":[{"taxonomy":"category","embeddable":true,"href":"https:\/\/www.zsben.cz\/wordpress\/index.php?rest_route=%2Fwp%2Fv2%2Fcategories&post=110024"},{"taxonomy":"post_tag","embeddable":true,"href":"https:\/\/www.zsben.cz\/wordpress\/index.php?rest_route=%2Fwp%2Fv2%2Ftags&post=110024"}],"curies":[{"name":"wp","href":"https:\/\/api.w.org\/{rel}","templated":true}]}}