{"id":110015,"date":"2023-12-19T12:51:08","date_gmt":"2023-12-19T11:51:08","guid":{"rendered":"https:\/\/www.zsben.cz\/wordpress\/?p=110015"},"modified":"2023-12-19T12:51:08","modified_gmt":"2023-12-19T11:51:08","slug":"9-tridy-v-muzeich","status":"publish","type":"post","link":"https:\/\/www.zsben.cz\/wordpress\/?p=110015","title":{"rendered":"9. t\u0159\u00eddy v muze\u00edch"},"content":{"rendered":"<p>R\u00e1no jsme se se\u0161li na n\u00e1dra\u017e\u00ed, odkud jsme jeli do Prahy. \u010cekala n\u00e1s kr\u00e1tk\u00e1 cesta do Arm\u00e1dn\u00edho muzea. M\u011bli jsme t\u00e9ma 2. sv\u011btov\u00e1 v\u00e1lka a p\u0159i prohl\u00eddce jsme plnili \u00fakoly a prohl\u00ed\u017eeli si expozice.<\/p>\n<p>Potom n\u00e1sledoval rozchod na V\u00e1clavsk\u00e9m n\u00e1m\u011bst\u00ed, kde jsme si dali ob\u011bd.<\/p>\n<p>Pak u\u017e jsme se hrnuli do N\u00e1rodn\u00edho muzea. Tam jsme tak\u00e9 plnili \u00fakoly a prohl\u00ed\u017eeli z\u00e1zraky p\u0159\u00edrody.<\/p>\n<p>Po prohl\u00eddce na n\u00e1s \u010dekal vlak, do kter\u00e9ho jsme nastoupili s nov\u00fdmi znalostmi d\u011bjepisn\u00fdmi i p\u0159\u00edrodov\u011bdn\u00fdmi. V\u00fdlet byl zaj\u00edmav\u00fd a nau\u010dn\u00fd.<\/p>\n<p>&nbsp;<\/p>\n<p>Monika Brtounov\u00e1<\/p>\n<p>Renata St\u0159elkov\u00e1<\/p>\nngg_shortcode_0_placeholder\n<div class=\"fcbkbttn_buttons_block\" id=\"fcbkbttn_left\"><div class=\"fcbkbttn_like \"><div class=\"fb-like fb-like-button_count\" data-href=\"https:\/\/www.zsben.cz\/wordpress\/?p=110015\" data-colorscheme=\"light\" data-layout=\"button_count\" data-action=\"like\"  data-size=\"small\"><\/div><\/div><div class=\"fb-share-button  \" data-href=\"https:\/\/www.zsben.cz\/wordpress\/?p=110015\" data-type=\"button_count\" data-size=\"small\"><\/div><\/div>","protected":false},"excerpt":{"rendered":"<p>R\u00e1no jsme se se\u0161li na n\u00e1dra\u017e\u00ed, odkud jsme jeli do Prahy. \u010cekala n\u00e1s kr\u00e1tk\u00e1 cesta do Arm\u00e1dn\u00edho muzea. M\u011bli jsme t\u00e9ma 2. sv\u011btov\u00e1 v\u00e1lka a p\u0159i prohl\u00eddce jsme plnili \u00fakoly a prohl\u00ed\u017eeli si expozice. Potom n\u00e1sledoval rozchod na V\u00e1clavsk\u00e9m n\u00e1m\u011bst\u00ed, kde jsme si dali ob\u011bd. Pak u\u017e jsme se hrnuli do N\u00e1rodn\u00edho muzea. Tam jsme [&hellip;]<\/p>\n","protected":false},"author":31,"featured_media":0,"comment_status":"closed","ping_status":"closed","sticky":false,"template":"","format":"standard","meta":{"ngg_post_thumbnail":0,"footnotes":""},"categories":[1],"tags":[],"class_list":["post-110015","post","type-post","status-publish","format-standard","hentry","category-aktuality"],"_links":{"self":[{"href":"https:\/\/www.zsben.cz\/wordpress\/index.php?rest_route=\/wp\/v2\/posts\/110015","targetHints":{"allow":["GET"]}}],"collection":[{"href":"https:\/\/www.zsben.cz\/wordpress\/index.php?rest_route=\/wp\/v2\/posts"}],"about":[{"href":"https:\/\/www.zsben.cz\/wordpress\/index.php?rest_route=\/wp\/v2\/types\/post"}],"author":[{"embeddable":true,"href":"https:\/\/www.zsben.cz\/wordpress\/index.php?rest_route=\/wp\/v2\/users\/31"}],"replies":[{"embeddable":true,"href":"https:\/\/www.zsben.cz\/wordpress\/index.php?rest_route=%2Fwp%2Fv2%2Fcomments&post=110015"}],"version-history":[{"count":1,"href":"https:\/\/www.zsben.cz\/wordpress\/index.php?rest_route=\/wp\/v2\/posts\/110015\/revisions"}],"predecessor-version":[{"id":110065,"href":"https:\/\/www.zsben.cz\/wordpress\/index.php?rest_route=\/wp\/v2\/posts\/110015\/revisions\/110065"}],"wp:attachment":[{"href":"https:\/\/www.zsben.cz\/wordpress\/index.php?rest_route=%2Fwp%2Fv2%2Fmedia&parent=110015"}],"wp:term":[{"taxonomy":"category","embeddable":true,"href":"https:\/\/www.zsben.cz\/wordpress\/index.php?rest_route=%2Fwp%2Fv2%2Fcategories&post=110015"},{"taxonomy":"post_tag","embeddable":true,"href":"https:\/\/www.zsben.cz\/wordpress\/index.php?rest_route=%2Fwp%2Fv2%2Ftags&post=110015"}],"curies":[{"name":"wp","href":"https:\/\/api.w.org\/{rel}","templated":true}]}}