{"id":109878,"date":"2023-12-14T07:11:56","date_gmt":"2023-12-14T06:11:56","guid":{"rendered":"https:\/\/www.zsben.cz\/wordpress\/?p=109878"},"modified":"2023-12-14T07:11:56","modified_gmt":"2023-12-14T06:11:56","slug":"vanocni-zpivani-pro-domovy-senioru","status":"publish","type":"post","link":"https:\/\/www.zsben.cz\/wordpress\/?p=109878","title":{"rendered":"V\u00e1no\u010dn\u00ed zp\u00edv\u00e1n\u00ed pro domovy senior\u016f"},"content":{"rendered":"<p>Velk\u00fd d\u00edk n\u00e1le\u017e\u00ed d\u011bv\u010dat\u016fm a jednomu chlapci z p\u011bveck\u00e9ho krou\u017eku na\u0161\u00ed \u0161koly. D\u011btsk\u00fd sbor toti\u017e nav\u0161t\u00edvil v&nbsp;uplynul\u00fdch dnech dva bene\u0161ovsk\u00e9 domovy senior\u016f, aby pot\u011b\u0161il sv\u00fdm reperto\u00e1rem v\u00e1no\u010dn\u00edch p\u00edsn\u00ed a koled. Oba koncerty se vyda\u0159ily, babi\u010dky a d\u011bde\u010dkov\u00e9 byli nad\u0161en\u00ed, mnohdy i velmi dojat\u00ed, a bez pob\u00edzen\u00ed zp\u00edvali s&nbsp;n\u00e1mi. V&nbsp;z\u00e1v\u011bru jsme si v\u0161ichni vz\u00e1jemn\u011b pop\u0159\u00e1li klidn\u00e9 adventn\u00ed dny, pohodov\u00e9 v\u00e1no\u010dn\u00ed sv\u00e1tky, a p\u0159edev\u0161\u00edm pevn\u00e9 zdrav\u00ed.&nbsp;<\/p>\n<p>&nbsp; &nbsp; &nbsp; &nbsp; &nbsp; &nbsp; &nbsp; &nbsp; &nbsp; &nbsp; &nbsp; &nbsp; &nbsp; &nbsp; &nbsp; &nbsp; &nbsp; &nbsp; &nbsp; &nbsp; &nbsp; &nbsp; &nbsp; &nbsp; &nbsp; &nbsp; &nbsp; &nbsp; &nbsp; &nbsp; &nbsp; &nbsp; &nbsp; &nbsp; &nbsp; &nbsp; &nbsp; &nbsp; &nbsp; &nbsp; &nbsp; &nbsp; &nbsp; &nbsp; &nbsp; &nbsp; &nbsp; &nbsp; &nbsp; &nbsp; &nbsp; &nbsp; &nbsp; &nbsp; &nbsp; &nbsp; &nbsp; &nbsp; &nbsp; &nbsp; &nbsp; &nbsp; &nbsp; &nbsp; &nbsp; &nbsp; &nbsp; &nbsp; &nbsp; &nbsp; &nbsp; &nbsp;Mgr. B. Ku\u010derov\u00e1&nbsp;<\/p>\nngg_shortcode_0_placeholder\n<div class=\"fcbkbttn_buttons_block\" id=\"fcbkbttn_left\"><div class=\"fcbkbttn_like \"><div class=\"fb-like fb-like-button_count\" data-href=\"https:\/\/www.zsben.cz\/wordpress\/?p=109878\" data-colorscheme=\"light\" data-layout=\"button_count\" data-action=\"like\"  data-size=\"small\"><\/div><\/div><div class=\"fb-share-button  \" data-href=\"https:\/\/www.zsben.cz\/wordpress\/?p=109878\" data-type=\"button_count\" data-size=\"small\"><\/div><\/div>","protected":false},"excerpt":{"rendered":"<p>Velk\u00fd d\u00edk n\u00e1le\u017e\u00ed d\u011bv\u010dat\u016fm a jednomu chlapci z p\u011bveck\u00e9ho krou\u017eku na\u0161\u00ed \u0161koly. D\u011btsk\u00fd sbor toti\u017e nav\u0161t\u00edvil v&nbsp;uplynul\u00fdch dnech dva bene\u0161ovsk\u00e9 domovy senior\u016f, aby pot\u011b\u0161il sv\u00fdm reperto\u00e1rem v\u00e1no\u010dn\u00edch p\u00edsn\u00ed a koled. Oba koncerty se vyda\u0159ily, babi\u010dky a d\u011bde\u010dkov\u00e9 byli nad\u0161en\u00ed, mnohdy i velmi dojat\u00ed, a bez pob\u00edzen\u00ed zp\u00edvali s&nbsp;n\u00e1mi. V&nbsp;z\u00e1v\u011bru jsme si v\u0161ichni vz\u00e1jemn\u011b pop\u0159\u00e1li klidn\u00e9 [&hellip;]<\/p>\n","protected":false},"author":5,"featured_media":0,"comment_status":"closed","ping_status":"closed","sticky":false,"template":"","format":"standard","meta":{"ngg_post_thumbnail":0,"footnotes":""},"categories":[1],"tags":[],"class_list":["post-109878","post","type-post","status-publish","format-standard","hentry","category-aktuality"],"_links":{"self":[{"href":"https:\/\/www.zsben.cz\/wordpress\/index.php?rest_route=\/wp\/v2\/posts\/109878","targetHints":{"allow":["GET"]}}],"collection":[{"href":"https:\/\/www.zsben.cz\/wordpress\/index.php?rest_route=\/wp\/v2\/posts"}],"about":[{"href":"https:\/\/www.zsben.cz\/wordpress\/index.php?rest_route=\/wp\/v2\/types\/post"}],"author":[{"embeddable":true,"href":"https:\/\/www.zsben.cz\/wordpress\/index.php?rest_route=\/wp\/v2\/users\/5"}],"replies":[{"embeddable":true,"href":"https:\/\/www.zsben.cz\/wordpress\/index.php?rest_route=%2Fwp%2Fv2%2Fcomments&post=109878"}],"version-history":[{"count":1,"href":"https:\/\/www.zsben.cz\/wordpress\/index.php?rest_route=\/wp\/v2\/posts\/109878\/revisions"}],"predecessor-version":[{"id":109883,"href":"https:\/\/www.zsben.cz\/wordpress\/index.php?rest_route=\/wp\/v2\/posts\/109878\/revisions\/109883"}],"wp:attachment":[{"href":"https:\/\/www.zsben.cz\/wordpress\/index.php?rest_route=%2Fwp%2Fv2%2Fmedia&parent=109878"}],"wp:term":[{"taxonomy":"category","embeddable":true,"href":"https:\/\/www.zsben.cz\/wordpress\/index.php?rest_route=%2Fwp%2Fv2%2Fcategories&post=109878"},{"taxonomy":"post_tag","embeddable":true,"href":"https:\/\/www.zsben.cz\/wordpress\/index.php?rest_route=%2Fwp%2Fv2%2Ftags&post=109878"}],"curies":[{"name":"wp","href":"https:\/\/api.w.org\/{rel}","templated":true}]}}