{"id":108806,"date":"2023-11-12T17:51:54","date_gmt":"2023-11-12T16:51:54","guid":{"rendered":"https:\/\/www.zsben.cz\/wordpress\/?p=108806"},"modified":"2023-11-12T17:51:54","modified_gmt":"2023-11-12T16:51:54","slug":"laskavci-z-dukly","status":"publish","type":"post","link":"https:\/\/www.zsben.cz\/wordpress\/?p=108806","title":{"rendered":"Laskavci z Dukly"},"content":{"rendered":"<p>Ka\u017ed\u00fd z n\u00e1s u\u017e pomalu pro\u017e\u00edv\u00e1 v\u00e1no\u010dn\u00ed shon, ale myslet na ostatn\u00ed bychom m\u011bli po cel\u00fd rok. Listopad je m\u011bs\u00edcem, ve kter\u00e9m letos ji\u017e po sedm\u00e9 prob\u00edhal celorepublikov\u00fd projekt #jsemlaskavec, je\u017e motivuje d\u011bti vyzkou\u0161et si, jak\u00e9 je nezi\u0161tn\u011b d\u011blat dobro a rozd\u00e1vat radost kolem sebe. My na druh\u00e9m stupni v\u011bt\u0161inou pom\u00e1h\u00e1me a vym\u00fd\u0161l\u00edme program pro mlad\u0161\u00ed kamar\u00e1dy, ale tentokr\u00e1t jsme se rozhodli vykonat dobr\u00fd skutek jin\u00fdm sm\u011brem. Nakreslili jsme 123 p\u0159\u00e1n\u00ed\u010dek, nachystali zdrav\u00e9 sva\u010dinky a spole\u010dn\u011b v\u0161e odnesli babi\u010dk\u00e1m a d\u011bde\u010dk\u016fm do domova senior\u016f v Bene\u0161ov\u011b. V\u011b\u0159\u00edme, \u017ee n\u00e1\u0161 laskav\u00fd \u010din vykouzlil \u00fasm\u011bv na tv\u00e1\u0159\u00edch.&nbsp;&nbsp;<\/p>\n<p><strong><span style=\"color: #339966\">&nbsp;\u201eKonej dobro a ono se ti vr\u00e1t\u00ed\u201c.<\/span><\/strong><\/p>\n<p>&nbsp;<\/p>\n<p><em>T\u0159\u00eddy 7. B, 7. E, 8. C a 9. E<\/em><\/p>\n<p><img loading=\"lazy\" decoding=\"async\" class=\"alignnone size-full wp-image-108807\" src=\"https:\/\/www.zsben.cz\/wordpress\/wp-content\/uploads\/2023\/11\/Laskavci.jpg\" alt=\"\" width=\"2048\" height=\"1536\" srcset=\"https:\/\/www.zsben.cz\/wordpress\/wp-content\/uploads\/2023\/11\/Laskavci.jpg 2048w, https:\/\/www.zsben.cz\/wordpress\/wp-content\/uploads\/2023\/11\/Laskavci-500x375.jpg 500w, https:\/\/www.zsben.cz\/wordpress\/wp-content\/uploads\/2023\/11\/Laskavci-1024x768.jpg 1024w, https:\/\/www.zsben.cz\/wordpress\/wp-content\/uploads\/2023\/11\/Laskavci-150x113.jpg 150w, https:\/\/www.zsben.cz\/wordpress\/wp-content\/uploads\/2023\/11\/Laskavci-768x576.jpg 768w, https:\/\/www.zsben.cz\/wordpress\/wp-content\/uploads\/2023\/11\/Laskavci-1536x1152.jpg 1536w\" sizes=\"auto, (max-width: 2048px) 100vw, 2048px\" \/><\/p>\n<div class=\"fcbkbttn_buttons_block\" id=\"fcbkbttn_left\"><div class=\"fcbkbttn_like \"><div class=\"fb-like fb-like-button_count\" data-href=\"https:\/\/www.zsben.cz\/wordpress\/?p=108806\" data-colorscheme=\"light\" data-layout=\"button_count\" data-action=\"like\"  data-size=\"small\"><\/div><\/div><div class=\"fb-share-button  \" data-href=\"https:\/\/www.zsben.cz\/wordpress\/?p=108806\" data-type=\"button_count\" data-size=\"small\"><\/div><\/div>","protected":false},"excerpt":{"rendered":"<p>Ka\u017ed\u00fd z n\u00e1s u\u017e pomalu pro\u017e\u00edv\u00e1 v\u00e1no\u010dn\u00ed shon, ale myslet na ostatn\u00ed bychom m\u011bli po cel\u00fd rok. Listopad je m\u011bs\u00edcem, ve kter\u00e9m letos ji\u017e po sedm\u00e9 prob\u00edhal celorepublikov\u00fd projekt #jsemlaskavec, je\u017e motivuje d\u011bti vyzkou\u0161et si, jak\u00e9 je nezi\u0161tn\u011b d\u011blat dobro a rozd\u00e1vat radost kolem sebe. My na druh\u00e9m stupni v\u011bt\u0161inou pom\u00e1h\u00e1me a vym\u00fd\u0161l\u00edme program pro [&hellip;]<\/p>\n","protected":false},"author":42,"featured_media":0,"comment_status":"closed","ping_status":"closed","sticky":false,"template":"","format":"standard","meta":{"ngg_post_thumbnail":0,"footnotes":""},"categories":[1],"tags":[],"class_list":["post-108806","post","type-post","status-publish","format-standard","hentry","category-aktuality"],"_links":{"self":[{"href":"https:\/\/www.zsben.cz\/wordpress\/index.php?rest_route=\/wp\/v2\/posts\/108806","targetHints":{"allow":["GET"]}}],"collection":[{"href":"https:\/\/www.zsben.cz\/wordpress\/index.php?rest_route=\/wp\/v2\/posts"}],"about":[{"href":"https:\/\/www.zsben.cz\/wordpress\/index.php?rest_route=\/wp\/v2\/types\/post"}],"author":[{"embeddable":true,"href":"https:\/\/www.zsben.cz\/wordpress\/index.php?rest_route=\/wp\/v2\/users\/42"}],"replies":[{"embeddable":true,"href":"https:\/\/www.zsben.cz\/wordpress\/index.php?rest_route=%2Fwp%2Fv2%2Fcomments&post=108806"}],"version-history":[{"count":1,"href":"https:\/\/www.zsben.cz\/wordpress\/index.php?rest_route=\/wp\/v2\/posts\/108806\/revisions"}],"predecessor-version":[{"id":108808,"href":"https:\/\/www.zsben.cz\/wordpress\/index.php?rest_route=\/wp\/v2\/posts\/108806\/revisions\/108808"}],"wp:attachment":[{"href":"https:\/\/www.zsben.cz\/wordpress\/index.php?rest_route=%2Fwp%2Fv2%2Fmedia&parent=108806"}],"wp:term":[{"taxonomy":"category","embeddable":true,"href":"https:\/\/www.zsben.cz\/wordpress\/index.php?rest_route=%2Fwp%2Fv2%2Fcategories&post=108806"},{"taxonomy":"post_tag","embeddable":true,"href":"https:\/\/www.zsben.cz\/wordpress\/index.php?rest_route=%2Fwp%2Fv2%2Ftags&post=108806"}],"curies":[{"name":"wp","href":"https:\/\/api.w.org\/{rel}","templated":true}]}}