{"id":108802,"date":"2023-11-07T12:44:34","date_gmt":"2023-11-07T11:44:34","guid":{"rendered":"https:\/\/www.zsben.cz\/wordpress\/?p=108802"},"modified":"2023-11-07T12:44:34","modified_gmt":"2023-11-07T11:44:34","slug":"okresni-kolo-v-plavani-benesov","status":"publish","type":"post","link":"https:\/\/www.zsben.cz\/wordpress\/?p=108802","title":{"rendered":"Okresn\u00ed kolo v plav\u00e1n\u00ed Bene\u0161ov"},"content":{"rendered":"<p>V&nbsp;pond\u011bl\u00ed 6.11. prob\u011bhlo na plaveck\u00e9m stadionu v&nbsp;Bene\u0161ov\u011b okresn\u00ed kolo v&nbsp;plav\u00e1n\u00ed, na kter\u00e9m se se\u0161lo 11 z\u00e1kladn\u00edch \u0161kol. Plavalo se ve t\u0159ech kategori\u00edch a na\u0161e \u00fasp\u011bchy jsou vyps\u00e1ny na dal\u0161\u00edch \u0159\u00e1dc\u00edch:<\/p>\n<p><em>kategorie 4 \u2013 5.t\u0159\u00edda chlapci:<\/em><\/p>\n<p>3. m\u00edsto \u0160indler J. (25 m znak)<\/p>\n<p>3. m\u00edsto&nbsp;\u0161tafeta 4 x 25 m: \u0160indler J., \u0160indler F., He\u0159m\u00e1nek P., Koblasa M.<\/p>\n<p><em>kategorie 4 \u2013 5.t\u0159\u00edda d\u00edvky:<\/em><\/p>\n<p>3. m\u00edsto Van\u011b\u010dkov\u00e1 A. (25m prsa)<\/p>\n<p>3. m\u00edsto \u0161tafeta 4 x 25 m: P\u011bchov\u00e1 D., Van\u011b\u010dkov\u00e1 E., \u0158ep\u00e1skov\u00e1 A., Vysko\u010dilov\u00e1 E.<\/p>\n<p><em>kategorie 6 \u2013 7.t\u0159\u00edda chlapci:<\/em><\/p>\n<p>2. m\u00edsto Luke\u0161 J. (50 m kraul)<\/p>\n<p>2. m\u00edsto Luke\u0161 J.(50 m prsa)<\/p>\n<p>2. m\u00edsto Luke\u0161 J. (50 m znak)<\/p>\n<p><em>kategorie 6 \u2013 7.t\u0159\u00edda d\u00edvky:<\/em><\/p>\n<p>1.m\u00edsto \u0161tafeta 4&#215;50 m: R\u016f\u017ei\u010dkov\u00e1 L. Fantov\u00e1 M., Kaiserov\u00e1 A., Zemanov\u00e1 K.<\/p>\n<p><em>kategorie 8 \u2013 9.t\u0159\u00edda chlapci:<\/em><\/p>\n<p>3. m\u00edsto T\u016fma V. (50 m kraul)<\/p>\n<p>2. m\u00edsto Bl\u00e1ha T. a 3. m\u00edsto Krou\u017eek F. (100 m prsa)<\/p>\n<p>3. m\u00edsto T\u016fma V. (100 m kraul)<\/p>\n<p>2. m\u00edsto \u0161tafeta 4&#215;50 m: T\u016fma V., P\u011bch O., Krou\u017eek F., Bl\u00e1ha T.<\/p>\n<p><em>kategorie 8 \u2013 9.t\u0159\u00edda d\u00edvky:<\/em><\/p>\n<p>2. m\u00edsto Hut\u00e1kov\u00e1 B. (50 m kraul)<\/p>\n<p>1.m\u00edsto Pohunkov\u00e1 A., 2. m\u00edsto \u0160\u00edlen\u00e1 A. (100 m prsa)<\/p>\n<p>1.m\u00edsto Pohunkov\u00e1 A., 3. m\u00edsto Hut\u00e1kov\u00ed B. (100 m kraul)<\/p>\n<p>1.m\u00edsto &nbsp;\u0161tafeta 4&#215;50 m Pohunkov\u00e1 A., Hut\u00e1kov\u00e1 B., \u0160\u00edlen\u00e1 A., Moravcov\u00e1 A.<\/p>\n<p>Pochvala a pod\u011bkov\u00e1n\u00ed pat\u0159\u00ed v\u0161em z\u00fa\u010dastn\u011bn\u00edm za v\u00fdkony, kter\u00e9 v&nbsp;plav\u00e1n\u00ed p\u0159edvedli.<\/p>\n<p><img loading=\"lazy\" decoding=\"async\" class=\"alignleft size-medium wp-image-108803\" src=\"https:\/\/www.zsben.cz\/wordpress\/wp-content\/uploads\/2023\/11\/plavani-500x375.jpg\" alt=\"\" width=\"500\" height=\"375\" srcset=\"https:\/\/www.zsben.cz\/wordpress\/wp-content\/uploads\/2023\/11\/plavani-500x375.jpg 500w, https:\/\/www.zsben.cz\/wordpress\/wp-content\/uploads\/2023\/11\/plavani-1024x768.jpg 1024w, https:\/\/www.zsben.cz\/wordpress\/wp-content\/uploads\/2023\/11\/plavani-150x113.jpg 150w, https:\/\/www.zsben.cz\/wordpress\/wp-content\/uploads\/2023\/11\/plavani-768x576.jpg 768w, https:\/\/www.zsben.cz\/wordpress\/wp-content\/uploads\/2023\/11\/plavani-1536x1152.jpg 1536w, https:\/\/www.zsben.cz\/wordpress\/wp-content\/uploads\/2023\/11\/plavani.jpg 2016w\" sizes=\"auto, (max-width: 500px) 100vw, 500px\" \/><\/p>\n<div class=\"fcbkbttn_buttons_block\" id=\"fcbkbttn_left\"><div class=\"fcbkbttn_like \"><div class=\"fb-like fb-like-button_count\" data-href=\"https:\/\/www.zsben.cz\/wordpress\/?p=108802\" data-colorscheme=\"light\" data-layout=\"button_count\" data-action=\"like\"  data-size=\"small\"><\/div><\/div><div class=\"fb-share-button  \" data-href=\"https:\/\/www.zsben.cz\/wordpress\/?p=108802\" data-type=\"button_count\" data-size=\"small\"><\/div><\/div>","protected":false},"excerpt":{"rendered":"<p>V&nbsp;pond\u011bl\u00ed 6.11. prob\u011bhlo na plaveck\u00e9m stadionu v&nbsp;Bene\u0161ov\u011b okresn\u00ed kolo v&nbsp;plav\u00e1n\u00ed, na kter\u00e9m se se\u0161lo 11 z\u00e1kladn\u00edch \u0161kol. Plavalo se ve t\u0159ech kategori\u00edch a na\u0161e \u00fasp\u011bchy jsou vyps\u00e1ny na dal\u0161\u00edch \u0159\u00e1dc\u00edch: kategorie 4 \u2013 5.t\u0159\u00edda chlapci: 3. m\u00edsto \u0160indler J. (25 m znak) 3. m\u00edsto&nbsp;\u0161tafeta 4 x 25 m: \u0160indler J., \u0160indler F., He\u0159m\u00e1nek P., Koblasa [&hellip;]<\/p>\n","protected":false},"author":18,"featured_media":0,"comment_status":"closed","ping_status":"closed","sticky":false,"template":"","format":"standard","meta":{"ngg_post_thumbnail":0,"footnotes":""},"categories":[1,10],"tags":[],"class_list":["post-108802","post","type-post","status-publish","format-standard","hentry","category-aktuality","category-telocvik"],"_links":{"self":[{"href":"https:\/\/www.zsben.cz\/wordpress\/index.php?rest_route=\/wp\/v2\/posts\/108802","targetHints":{"allow":["GET"]}}],"collection":[{"href":"https:\/\/www.zsben.cz\/wordpress\/index.php?rest_route=\/wp\/v2\/posts"}],"about":[{"href":"https:\/\/www.zsben.cz\/wordpress\/index.php?rest_route=\/wp\/v2\/types\/post"}],"author":[{"embeddable":true,"href":"https:\/\/www.zsben.cz\/wordpress\/index.php?rest_route=\/wp\/v2\/users\/18"}],"replies":[{"embeddable":true,"href":"https:\/\/www.zsben.cz\/wordpress\/index.php?rest_route=%2Fwp%2Fv2%2Fcomments&post=108802"}],"version-history":[{"count":1,"href":"https:\/\/www.zsben.cz\/wordpress\/index.php?rest_route=\/wp\/v2\/posts\/108802\/revisions"}],"predecessor-version":[{"id":108804,"href":"https:\/\/www.zsben.cz\/wordpress\/index.php?rest_route=\/wp\/v2\/posts\/108802\/revisions\/108804"}],"wp:attachment":[{"href":"https:\/\/www.zsben.cz\/wordpress\/index.php?rest_route=%2Fwp%2Fv2%2Fmedia&parent=108802"}],"wp:term":[{"taxonomy":"category","embeddable":true,"href":"https:\/\/www.zsben.cz\/wordpress\/index.php?rest_route=%2Fwp%2Fv2%2Fcategories&post=108802"},{"taxonomy":"post_tag","embeddable":true,"href":"https:\/\/www.zsben.cz\/wordpress\/index.php?rest_route=%2Fwp%2Fv2%2Ftags&post=108802"}],"curies":[{"name":"wp","href":"https:\/\/api.w.org\/{rel}","templated":true}]}}