{"id":108413,"date":"2023-10-30T09:54:17","date_gmt":"2023-10-30T08:54:17","guid":{"rendered":"https:\/\/www.zsben.cz\/wordpress\/?p=108413"},"modified":"2023-10-30T09:54:17","modified_gmt":"2023-10-30T08:54:17","slug":"republikove-finale-v-prespolnim-behu-zdar-nad-sazavou","status":"publish","type":"post","link":"https:\/\/www.zsben.cz\/wordpress\/?p=108413","title":{"rendered":"Republikov\u00e9 fin\u00e1le v p\u0159espoln\u00edm b\u011bhu &#8211; \u017d\u010f\u00e1r nad S\u00e1zavou"},"content":{"rendered":"<p>Ve st\u0159edu 25. 10. 2023 prob\u011bhlo ve \u017d\u010f\u00e1ru nad S\u00e1zavou Republikov\u00e9 fin\u00e1le Z\u0160 v p\u0159espoln\u00edm b\u011bhu.<\/p>\n<p>Na\u0161e \u0161kola zde m\u011bla bohat\u00e9 zastoupen\u00ed &#8211; dru\u017estvo mlad\u0161\u00edch \u017e\u00e1ky\u0148 i \u017e\u00e1k\u016f a dru\u017estvo star\u0161\u00edch \u017e\u00e1k\u016f. Po\u010das\u00ed n\u00e1m ze za\u010d\u00e1tku moc nep\u0159\u00e1lo, ale nakonec se slunce uk\u00e1zalo a posv\u00edtilo na na\u0161e skv\u011bl\u00e9 v\u00fdkony.<\/p>\n<p><strong>V kategorii mlad\u0161\u00edch \u017e\u00e1ky\u0148<\/strong> se v jednotlivc\u00edch na <strong>2. m\u00edst\u011b um\u00edstila Julie Vesel\u00e1<\/strong> a <strong>dru\u017estvo celkov\u011b skon\u010dilo na kr\u00e1sn\u00e9m 5. m\u00edst\u011b.<\/strong> V\u0161em d\u011bv\u010dat\u016fm &#8211; Julie Vesel\u00e1, Anna Pavli\u0161\u010dov\u00e1, Eli\u0161ka Sko\u0159epov\u00e1, \u0160\u00e1rka Ottlov\u00e1, Tereza Svobodov\u00e1 a Magdal\u00e9na Fantov\u00e1 &#8211; pat\u0159\u00ed velk\u00e1 gratulace a pod\u011bkov\u00e1n\u00ed za p\u0159edveden\u00e9 v\u00fdkony.<\/p>\n<p><strong>V kategorii mlad\u0161\u00edch \u017e\u00e1k\u016f se Sebasti\u00e1n Woller stal celkov\u00fdm v\u00edt\u011bzem<\/strong> a podpo\u0159en skv\u011bl\u00fdmi v\u00fdkony ostatn\u00edch &#8211; Patrik Pode\u0161va, Vojta Douda, Ondra Douda, Luk\u00e1\u0161 Ottl a Dan Nov\u00e1k, dot\u00e1hl cel\u00e9 <strong>dru\u017estvo na vynikaj\u00edc\u00ed 2. m\u00edsto v Republikov\u00e9m fin\u00e1le.<\/strong> Velk\u00e9 pod\u011bkov\u00e1n\u00ed a gratulace k p\u0159edveden\u00fdm v\u00fdkon\u016fm.<\/p>\n<p><strong>V kategorii star\u0161\u00edch chlapc\u016f<\/strong> se rozhodovalo a\u017e na c\u00edlov\u00e9 rovince, kde <strong>Ale\u0161 Fabi\u00e1n<\/strong> figuroval na 3. m\u00edst\u011b a nakonec <strong>uh\u00e1jil kr\u00e1sn\u00e9 5. m\u00edsto<\/strong>. <strong>Dru\u017estvo<\/strong> ve slo\u017een\u00ed &#8211; Ale\u0161 Fabi\u00e1n, Pavel \u0160\u0165astn\u00fd, Mat\u011bj K\u0159\u00ed\u017e, Martin \u0160kvor, Luk\u00e1\u0161 Vojta a Michal Mairich &#8211; <strong>se celkov\u011b um\u00edstilo na 10. m\u00edst\u011b<\/strong>. V\u0161em moc gratulujeme k p\u0159edveden\u00fdm v\u00fdkon\u016fm.<\/p>\n<p>Z\u00e1v\u011brem chci je\u0161t\u011b jednou pod\u011bkovat v\u0161em z\u00fa\u010dastn\u011bn\u00fdm za p\u0159edveden\u00e9 v\u00fdkony, bojovnost a v neposledn\u00ed \u0159ad\u011b, za vynikaj\u00edc\u00ed reprezentaci \u0161koly.<\/p>\nngg_shortcode_0_placeholder\n<div class=\"fcbkbttn_buttons_block\" id=\"fcbkbttn_left\"><div class=\"fcbkbttn_like \"><div class=\"fb-like fb-like-button_count\" data-href=\"https:\/\/www.zsben.cz\/wordpress\/?p=108413\" data-colorscheme=\"light\" data-layout=\"button_count\" data-action=\"like\"  data-size=\"small\"><\/div><\/div><div class=\"fb-share-button  \" data-href=\"https:\/\/www.zsben.cz\/wordpress\/?p=108413\" data-type=\"button_count\" data-size=\"small\"><\/div><\/div>","protected":false},"excerpt":{"rendered":"<p>Ve st\u0159edu 25. 10. 2023 prob\u011bhlo ve \u017d\u010f\u00e1ru nad S\u00e1zavou Republikov\u00e9 fin\u00e1le Z\u0160 v p\u0159espoln\u00edm b\u011bhu. Na\u0161e \u0161kola zde m\u011bla bohat\u00e9 zastoupen\u00ed &#8211; dru\u017estvo mlad\u0161\u00edch \u017e\u00e1ky\u0148 i \u017e\u00e1k\u016f a dru\u017estvo star\u0161\u00edch \u017e\u00e1k\u016f. Po\u010das\u00ed n\u00e1m ze za\u010d\u00e1tku moc nep\u0159\u00e1lo, ale nakonec se slunce uk\u00e1zalo a posv\u00edtilo na na\u0161e skv\u011bl\u00e9 v\u00fdkony. V kategorii mlad\u0161\u00edch \u017e\u00e1ky\u0148 se v [&hellip;]<\/p>\n","protected":false},"author":4,"featured_media":0,"comment_status":"closed","ping_status":"closed","sticky":false,"template":"","format":"standard","meta":{"ngg_post_thumbnail":0,"footnotes":""},"categories":[1,10],"tags":[],"class_list":["post-108413","post","type-post","status-publish","format-standard","hentry","category-aktuality","category-telocvik"],"_links":{"self":[{"href":"https:\/\/www.zsben.cz\/wordpress\/index.php?rest_route=\/wp\/v2\/posts\/108413","targetHints":{"allow":["GET"]}}],"collection":[{"href":"https:\/\/www.zsben.cz\/wordpress\/index.php?rest_route=\/wp\/v2\/posts"}],"about":[{"href":"https:\/\/www.zsben.cz\/wordpress\/index.php?rest_route=\/wp\/v2\/types\/post"}],"author":[{"embeddable":true,"href":"https:\/\/www.zsben.cz\/wordpress\/index.php?rest_route=\/wp\/v2\/users\/4"}],"replies":[{"embeddable":true,"href":"https:\/\/www.zsben.cz\/wordpress\/index.php?rest_route=%2Fwp%2Fv2%2Fcomments&post=108413"}],"version-history":[{"count":1,"href":"https:\/\/www.zsben.cz\/wordpress\/index.php?rest_route=\/wp\/v2\/posts\/108413\/revisions"}],"predecessor-version":[{"id":108414,"href":"https:\/\/www.zsben.cz\/wordpress\/index.php?rest_route=\/wp\/v2\/posts\/108413\/revisions\/108414"}],"wp:attachment":[{"href":"https:\/\/www.zsben.cz\/wordpress\/index.php?rest_route=%2Fwp%2Fv2%2Fmedia&parent=108413"}],"wp:term":[{"taxonomy":"category","embeddable":true,"href":"https:\/\/www.zsben.cz\/wordpress\/index.php?rest_route=%2Fwp%2Fv2%2Fcategories&post=108413"},{"taxonomy":"post_tag","embeddable":true,"href":"https:\/\/www.zsben.cz\/wordpress\/index.php?rest_route=%2Fwp%2Fv2%2Ftags&post=108413"}],"curies":[{"name":"wp","href":"https:\/\/api.w.org\/{rel}","templated":true}]}}