{"id":107978,"date":"2023-10-12T12:32:47","date_gmt":"2023-10-12T10:32:47","guid":{"rendered":"https:\/\/www.zsben.cz\/wordpress\/?p=107978"},"modified":"2023-10-12T12:32:47","modified_gmt":"2023-10-12T10:32:47","slug":"prespolni-beh-krajske-kolo-4","status":"publish","type":"post","link":"https:\/\/www.zsben.cz\/wordpress\/?p=107978","title":{"rendered":"P\u0159espoln\u00ed b\u011bh &#8211; krajsk\u00e9 kolo"},"content":{"rendered":"<p>Zdrav\u00edme v\u0161echny sportovn\u00ed p\u0159\u00edznivce a s radost\u00ed oznamujeme, \u017ee dne 11. 10. 2023 prob\u011bhlo v Mlad\u00e9 Boleslavi krajsk\u00e9 kolo v p\u0159espoln\u00edm b\u011bhu.<\/p>\n<p>Z na\u0161\u00ed \u0161koly se ho z\u00fa\u010dastnila 3 dru\u017estva a v konkurenci ostatn\u00edch \u0161kol se ur\u010dit\u011b neztratila.<\/p>\n<p>I kdy\u017e n\u00e1s to, n\u011bkdy, i bolelo, tak jsme dok\u00e1zali 2x zv\u00edt\u011bzit a op\u011bt postoupit na Republikov\u00e9 fin\u00e1le!!!<\/p>\n<p>Konkr\u00e9tn\u011b dru\u017estvo mlad\u0161\u00edch d\u00edvek a star\u0161\u00edch chlapc\u016f. Bohu\u017eel tro\u0161ku sm\u016fly m\u011bl t\u00fdm mlad\u0161\u00edch chlapc\u016f, kter\u00fd t\u011bsn\u011b skon\u010dil na druh\u00e9m m\u00edst\u011b a nepostoupil. Nevad\u00ed, vynahrad\u00ed si to v dal\u0161\u00edm roce.<\/p>\n<p>Ka\u017edop\u00e1dn\u011b chci v\u0161em pod\u011bkovat za p\u0159edveden\u00e9 v\u00fdkony, bylo to super.<\/p>\nngg_shortcode_0_placeholder\n<div class=\"fcbkbttn_buttons_block\" id=\"fcbkbttn_left\"><div class=\"fcbkbttn_like \"><div class=\"fb-like fb-like-button_count\" data-href=\"https:\/\/www.zsben.cz\/wordpress\/?p=107978\" data-colorscheme=\"light\" data-layout=\"button_count\" data-action=\"like\"  data-size=\"small\"><\/div><\/div><div class=\"fb-share-button  \" data-href=\"https:\/\/www.zsben.cz\/wordpress\/?p=107978\" data-type=\"button_count\" data-size=\"small\"><\/div><\/div>","protected":false},"excerpt":{"rendered":"<p>Zdrav\u00edme v\u0161echny sportovn\u00ed p\u0159\u00edznivce a s radost\u00ed oznamujeme, \u017ee dne 11. 10. 2023 prob\u011bhlo v Mlad\u00e9 Boleslavi krajsk\u00e9 kolo v p\u0159espoln\u00edm b\u011bhu. Z na\u0161\u00ed \u0161koly se ho z\u00fa\u010dastnila 3 dru\u017estva a v konkurenci ostatn\u00edch \u0161kol se ur\u010dit\u011b neztratila. I kdy\u017e n\u00e1s to, n\u011bkdy, i bolelo, tak jsme dok\u00e1zali 2x zv\u00edt\u011bzit a op\u011bt postoupit na Republikov\u00e9 [&hellip;]<\/p>\n","protected":false},"author":4,"featured_media":0,"comment_status":"closed","ping_status":"closed","sticky":false,"template":"","format":"standard","meta":{"ngg_post_thumbnail":0,"footnotes":""},"categories":[1,10],"tags":[],"class_list":["post-107978","post","type-post","status-publish","format-standard","hentry","category-aktuality","category-telocvik"],"_links":{"self":[{"href":"https:\/\/www.zsben.cz\/wordpress\/index.php?rest_route=\/wp\/v2\/posts\/107978","targetHints":{"allow":["GET"]}}],"collection":[{"href":"https:\/\/www.zsben.cz\/wordpress\/index.php?rest_route=\/wp\/v2\/posts"}],"about":[{"href":"https:\/\/www.zsben.cz\/wordpress\/index.php?rest_route=\/wp\/v2\/types\/post"}],"author":[{"embeddable":true,"href":"https:\/\/www.zsben.cz\/wordpress\/index.php?rest_route=\/wp\/v2\/users\/4"}],"replies":[{"embeddable":true,"href":"https:\/\/www.zsben.cz\/wordpress\/index.php?rest_route=%2Fwp%2Fv2%2Fcomments&post=107978"}],"version-history":[{"count":1,"href":"https:\/\/www.zsben.cz\/wordpress\/index.php?rest_route=\/wp\/v2\/posts\/107978\/revisions"}],"predecessor-version":[{"id":107979,"href":"https:\/\/www.zsben.cz\/wordpress\/index.php?rest_route=\/wp\/v2\/posts\/107978\/revisions\/107979"}],"wp:attachment":[{"href":"https:\/\/www.zsben.cz\/wordpress\/index.php?rest_route=%2Fwp%2Fv2%2Fmedia&parent=107978"}],"wp:term":[{"taxonomy":"category","embeddable":true,"href":"https:\/\/www.zsben.cz\/wordpress\/index.php?rest_route=%2Fwp%2Fv2%2Fcategories&post=107978"},{"taxonomy":"post_tag","embeddable":true,"href":"https:\/\/www.zsben.cz\/wordpress\/index.php?rest_route=%2Fwp%2Fv2%2Ftags&post=107978"}],"curies":[{"name":"wp","href":"https:\/\/api.w.org\/{rel}","templated":true}]}}