{"id":107828,"date":"2023-10-02T07:29:29","date_gmt":"2023-10-02T05:29:29","guid":{"rendered":"https:\/\/www.zsben.cz\/wordpress\/?p=107828"},"modified":"2023-10-02T12:13:31","modified_gmt":"2023-10-02T10:13:31","slug":"okresni-finale-prespolniho-behu-ve-vlasimi","status":"publish","type":"post","link":"https:\/\/www.zsben.cz\/wordpress\/?p=107828","title":{"rendered":"Okresn\u00ed fin\u00e1le P\u0159espoln\u00edho b\u011bhu ve Vla\u0161imi"},"content":{"rendered":"<p>Okresn\u00edho kola v P\u0159espoln\u00edm b\u011bhu se z\u00fa\u010dastnila \u010dty\u0159i dru\u017estva \u017e\u00e1k\u016f na\u0161\u00ed \u0161koly. D\u011bv\u010data 6.-7. t\u0159\u00edda, d\u011bv\u010data 8.-9. t\u0159\u00edda, chlapci 6.-7. t\u0159\u00edda, chlapci 8.-9. t\u0159\u00edda.&nbsp;<\/p>\n<p>Na trat\u00edch bojovali v\u0161ichni za sv\u00e9 individu\u00e1ln\u00ed v\u00fdsledky, ale p\u0159edev\u0161\u00edm za v\u00fdsledky cel\u00e9ho dru\u017estva.&nbsp; Jen nejrychlej\u0161\u00ed t\u00fdm toti\u017e postupuje do krajsk\u00e9ho kola v Mlad\u00e9 Boleslavi.&nbsp;<\/p>\n<p>D\u011bv\u010data na trat\u00edch 1,5 km p\u0159edvedla velmi vyrovnan\u00e9 v\u00fdkony a byly z toho individu\u00e1ln\u00ed medaile (1. zlat\u00e1, 1. st\u0159\u00edbrn\u00e1, 1. bronzov\u00e1), ale i postup dru\u017estva mlad\u0161\u00edch d\u00edvek 6.-7. t\u0159\u00edda do krajsk\u00e9ho kola !!!<\/p>\n<p>Chlapci, kte\u0159\u00ed b\u011b\u017eeli (mlad\u0161\u00ed 2 km, star\u0161\u00ed 3 km) se nenechali zahanbit, a tak\u00e9 vybojovali individu\u00e1ln\u00ed medaile (1. zlat\u00e1, 2. st\u0159\u00edbrn\u00e9, 2. bronzov\u00e9) a postup obou chlapeck\u00fdch dru\u017estev do krajsk\u00e9ho kola !!!&nbsp;<\/p>\n<p>V\u0161em pat\u0159\u00ed velk\u00e1 gratulace.&nbsp;<\/p>\nngg_shortcode_0_placeholder\n<div class=\"fcbkbttn_buttons_block\" id=\"fcbkbttn_left\"><div class=\"fcbkbttn_like \"><div class=\"fb-like fb-like-button_count\" data-href=\"https:\/\/www.zsben.cz\/wordpress\/?p=107828\" data-colorscheme=\"light\" data-layout=\"button_count\" data-action=\"like\"  data-size=\"small\"><\/div><\/div><div class=\"fb-share-button  \" data-href=\"https:\/\/www.zsben.cz\/wordpress\/?p=107828\" data-type=\"button_count\" data-size=\"small\"><\/div><\/div>","protected":false},"excerpt":{"rendered":"<p>Okresn\u00edho kola v P\u0159espoln\u00edm b\u011bhu se z\u00fa\u010dastnila \u010dty\u0159i dru\u017estva \u017e\u00e1k\u016f na\u0161\u00ed \u0161koly. D\u011bv\u010data 6.-7. t\u0159\u00edda, d\u011bv\u010data 8.-9. t\u0159\u00edda, chlapci 6.-7. t\u0159\u00edda, chlapci 8.-9. t\u0159\u00edda.&nbsp; Na trat\u00edch bojovali v\u0161ichni za sv\u00e9 individu\u00e1ln\u00ed v\u00fdsledky, ale p\u0159edev\u0161\u00edm za v\u00fdsledky cel\u00e9ho dru\u017estva.&nbsp; Jen nejrychlej\u0161\u00ed t\u00fdm toti\u017e postupuje do krajsk\u00e9ho kola v Mlad\u00e9 Boleslavi.&nbsp; D\u011bv\u010data na trat\u00edch 1,5 km p\u0159edvedla [&hellip;]<\/p>\n","protected":false},"author":4,"featured_media":0,"comment_status":"closed","ping_status":"closed","sticky":false,"template":"","format":"standard","meta":{"ngg_post_thumbnail":0,"footnotes":""},"categories":[1,10],"tags":[],"class_list":["post-107828","post","type-post","status-publish","format-standard","hentry","category-aktuality","category-telocvik"],"_links":{"self":[{"href":"https:\/\/www.zsben.cz\/wordpress\/index.php?rest_route=\/wp\/v2\/posts\/107828","targetHints":{"allow":["GET"]}}],"collection":[{"href":"https:\/\/www.zsben.cz\/wordpress\/index.php?rest_route=\/wp\/v2\/posts"}],"about":[{"href":"https:\/\/www.zsben.cz\/wordpress\/index.php?rest_route=\/wp\/v2\/types\/post"}],"author":[{"embeddable":true,"href":"https:\/\/www.zsben.cz\/wordpress\/index.php?rest_route=\/wp\/v2\/users\/4"}],"replies":[{"embeddable":true,"href":"https:\/\/www.zsben.cz\/wordpress\/index.php?rest_route=%2Fwp%2Fv2%2Fcomments&post=107828"}],"version-history":[{"count":4,"href":"https:\/\/www.zsben.cz\/wordpress\/index.php?rest_route=\/wp\/v2\/posts\/107828\/revisions"}],"predecessor-version":[{"id":107832,"href":"https:\/\/www.zsben.cz\/wordpress\/index.php?rest_route=\/wp\/v2\/posts\/107828\/revisions\/107832"}],"wp:attachment":[{"href":"https:\/\/www.zsben.cz\/wordpress\/index.php?rest_route=%2Fwp%2Fv2%2Fmedia&parent=107828"}],"wp:term":[{"taxonomy":"category","embeddable":true,"href":"https:\/\/www.zsben.cz\/wordpress\/index.php?rest_route=%2Fwp%2Fv2%2Fcategories&post=107828"},{"taxonomy":"post_tag","embeddable":true,"href":"https:\/\/www.zsben.cz\/wordpress\/index.php?rest_route=%2Fwp%2Fv2%2Ftags&post=107828"}],"curies":[{"name":"wp","href":"https:\/\/api.w.org\/{rel}","templated":true}]}}