{"id":106973,"date":"2023-09-23T10:18:35","date_gmt":"2023-09-23T08:18:35","guid":{"rendered":"https:\/\/www.zsben.cz\/wordpress\/?p=106973"},"modified":"2023-09-23T10:18:35","modified_gmt":"2023-09-23T08:18:35","slug":"plavecko-bezecky-pohar-praha-2","status":"publish","type":"post","link":"https:\/\/www.zsben.cz\/wordpress\/?p=106973","title":{"rendered":"Plavecko &#8211; b\u011b\u017eeck\u00fd poh\u00e1r Praha"},"content":{"rendered":"<p>\u017d\u00e1ci 2. stupn\u011b se ve \u010dtvrtek 21.9. z\u00fa\u010dastnili plavecko &#8211; b\u011b\u017eeck\u00e9ho poh\u00e1ru v Praze. Jako jedin\u00ed z\u00e1stupci st\u0159edo\u010desk\u00e9ho kraje zm\u011b\u0159ili s\u00edly s d\u011btmi z cel\u00e9 Prahy. A nevedli si v\u016fbec \u0161patn\u011b. V plav\u00e1n\u00ed na 50 m a b\u011bhu na 1100 metr\u016f podali skv\u011bl\u00e9 v\u00fdkony.&nbsp;<\/p>\n<p>P\u0159ivezli jsme 2 zlat\u00e9, 1 st\u0159\u00edbrnou a 1 bronzovou medaili. D\u00e1le pak jedno \u010dtvrt\u00e9 m\u00edsto, dv\u011b p\u00e1t\u00e1 a vlastn\u011b v\u0161ichni se ve\u0161li do prvn\u00ed des\u00edtky.&nbsp;<\/p>\n<p>Gratulace pat\u0159\u00ed v\u0161em !!!<\/p>\nngg_shortcode_0_placeholder\n<div class=\"fcbkbttn_buttons_block\" id=\"fcbkbttn_left\"><div class=\"fcbkbttn_like \"><div class=\"fb-like fb-like-button_count\" data-href=\"https:\/\/www.zsben.cz\/wordpress\/?p=106973\" data-colorscheme=\"light\" data-layout=\"button_count\" data-action=\"like\"  data-size=\"small\"><\/div><\/div><div class=\"fb-share-button  \" data-href=\"https:\/\/www.zsben.cz\/wordpress\/?p=106973\" data-type=\"button_count\" data-size=\"small\"><\/div><\/div>","protected":false},"excerpt":{"rendered":"<p>\u017d\u00e1ci 2. stupn\u011b se ve \u010dtvrtek 21.9. z\u00fa\u010dastnili plavecko &#8211; b\u011b\u017eeck\u00e9ho poh\u00e1ru v Praze. Jako jedin\u00ed z\u00e1stupci st\u0159edo\u010desk\u00e9ho kraje zm\u011b\u0159ili s\u00edly s d\u011btmi z cel\u00e9 Prahy. A nevedli si v\u016fbec \u0161patn\u011b. V plav\u00e1n\u00ed na 50 m a b\u011bhu na 1100 metr\u016f podali skv\u011bl\u00e9 v\u00fdkony.&nbsp; P\u0159ivezli jsme 2 zlat\u00e9, 1 st\u0159\u00edbrnou a 1 bronzovou medaili. D\u00e1le [&hellip;]<\/p>\n","protected":false},"author":4,"featured_media":0,"comment_status":"closed","ping_status":"closed","sticky":false,"template":"","format":"standard","meta":{"ngg_post_thumbnail":0,"footnotes":""},"categories":[1,10],"tags":[],"class_list":["post-106973","post","type-post","status-publish","format-standard","hentry","category-aktuality","category-telocvik"],"_links":{"self":[{"href":"https:\/\/www.zsben.cz\/wordpress\/index.php?rest_route=\/wp\/v2\/posts\/106973","targetHints":{"allow":["GET"]}}],"collection":[{"href":"https:\/\/www.zsben.cz\/wordpress\/index.php?rest_route=\/wp\/v2\/posts"}],"about":[{"href":"https:\/\/www.zsben.cz\/wordpress\/index.php?rest_route=\/wp\/v2\/types\/post"}],"author":[{"embeddable":true,"href":"https:\/\/www.zsben.cz\/wordpress\/index.php?rest_route=\/wp\/v2\/users\/4"}],"replies":[{"embeddable":true,"href":"https:\/\/www.zsben.cz\/wordpress\/index.php?rest_route=%2Fwp%2Fv2%2Fcomments&post=106973"}],"version-history":[{"count":1,"href":"https:\/\/www.zsben.cz\/wordpress\/index.php?rest_route=\/wp\/v2\/posts\/106973\/revisions"}],"predecessor-version":[{"id":106974,"href":"https:\/\/www.zsben.cz\/wordpress\/index.php?rest_route=\/wp\/v2\/posts\/106973\/revisions\/106974"}],"wp:attachment":[{"href":"https:\/\/www.zsben.cz\/wordpress\/index.php?rest_route=%2Fwp%2Fv2%2Fmedia&parent=106973"}],"wp:term":[{"taxonomy":"category","embeddable":true,"href":"https:\/\/www.zsben.cz\/wordpress\/index.php?rest_route=%2Fwp%2Fv2%2Fcategories&post=106973"},{"taxonomy":"post_tag","embeddable":true,"href":"https:\/\/www.zsben.cz\/wordpress\/index.php?rest_route=%2Fwp%2Fv2%2Ftags&post=106973"}],"curies":[{"name":"wp","href":"https:\/\/api.w.org\/{rel}","templated":true}]}}