{"id":103113,"date":"2023-05-30T22:15:40","date_gmt":"2023-05-30T20:15:40","guid":{"rendered":"https:\/\/www.zsben.cz\/wordpress\/?p=103113"},"modified":"2023-05-31T20:48:52","modified_gmt":"2023-05-31T18:48:52","slug":"stafetovy-pohar","status":"publish","type":"post","link":"https:\/\/www.zsben.cz\/wordpress\/?p=103113","title":{"rendered":"\u0160tafetov\u00fd poh\u00e1r"},"content":{"rendered":"<p>25.5. 2023 prob\u011bhlo na atletick\u00e9m stadion\u011b v Bene\u0161ov\u011b Republikov\u00e9 fin\u00e1le \u0160tafetov\u00e9ho b\u011bhu. Jako po\u0159\u00e1daj\u00edc\u00ed \u0161kola jsme m\u011bli mo\u017enost pom\u011b\u0159it s\u00edly se \u0161kolami z jin\u00fdch kraj\u016f \u010cesk\u00e9 republiky. Ve velmi nabit\u00e9m startovn\u00edm poli se na\u0161i \u017e\u00e1ci (Ema Kalo\u0161ov\u00e1, Elen K\u0159\u00ed\u017eov\u00e1, Robert Rohl\u00edk, Maty\u00e1\u0161 Koblasa, Aneta Zemanov\u00e1, Am\u00e9lie Mackov\u00e1, Jind\u0159ich Podhorsk\u00fd, Petr He\u0159m\u00e1nek, Jasm\u00edna Va\u0161\u00e1ryov\u00e1, Aneta Houzarov\u00e1, Adam Vr\u0161eck\u00fd, Vojta Osi\u010dka, Kate\u0159ina Zemanov\u00e1, Simona K\u0159upkov\u00e1, Milan He\u0159m\u00e1nek, Ji\u0159\u00ed Radochlib) neztratili a z\u00edskali kr\u00e1sn\u00e9 12. m\u00edsto.<br \/>\nText a foto: Mgr. Pavla Plavcov\u00e1<br \/>\nngg_shortcode_0_placeholder<\/p>\n<div class=\"fcbkbttn_buttons_block\" id=\"fcbkbttn_left\"><div class=\"fcbkbttn_like \"><div class=\"fb-like fb-like-button_count\" data-href=\"https:\/\/www.zsben.cz\/wordpress\/?p=103113\" data-colorscheme=\"light\" data-layout=\"button_count\" data-action=\"like\"  data-size=\"small\"><\/div><\/div><div class=\"fb-share-button  \" data-href=\"https:\/\/www.zsben.cz\/wordpress\/?p=103113\" data-type=\"button_count\" data-size=\"small\"><\/div><\/div>","protected":false},"excerpt":{"rendered":"<p>25.5. 2023 prob\u011bhlo na atletick\u00e9m stadion\u011b v Bene\u0161ov\u011b Republikov\u00e9 fin\u00e1le \u0160tafetov\u00e9ho b\u011bhu. Jako po\u0159\u00e1daj\u00edc\u00ed \u0161kola jsme m\u011bli mo\u017enost pom\u011b\u0159it s\u00edly se \u0161kolami z jin\u00fdch kraj\u016f \u010cesk\u00e9 republiky. Ve velmi nabit\u00e9m startovn\u00edm poli se na\u0161i \u017e\u00e1ci (Ema Kalo\u0161ov\u00e1, Elen K\u0159\u00ed\u017eov\u00e1, Robert Rohl\u00edk, Maty\u00e1\u0161 Koblasa, Aneta Zemanov\u00e1, Am\u00e9lie Mackov\u00e1, Jind\u0159ich Podhorsk\u00fd, Petr He\u0159m\u00e1nek, Jasm\u00edna Va\u0161\u00e1ryov\u00e1, Aneta Houzarov\u00e1, [&hellip;]<\/p>\n","protected":false},"author":15,"featured_media":0,"comment_status":"closed","ping_status":"closed","sticky":false,"template":"","format":"standard","meta":{"ngg_post_thumbnail":0,"footnotes":""},"categories":[1],"tags":[],"class_list":["post-103113","post","type-post","status-publish","format-standard","hentry","category-aktuality"],"_links":{"self":[{"href":"https:\/\/www.zsben.cz\/wordpress\/index.php?rest_route=\/wp\/v2\/posts\/103113","targetHints":{"allow":["GET"]}}],"collection":[{"href":"https:\/\/www.zsben.cz\/wordpress\/index.php?rest_route=\/wp\/v2\/posts"}],"about":[{"href":"https:\/\/www.zsben.cz\/wordpress\/index.php?rest_route=\/wp\/v2\/types\/post"}],"author":[{"embeddable":true,"href":"https:\/\/www.zsben.cz\/wordpress\/index.php?rest_route=\/wp\/v2\/users\/15"}],"replies":[{"embeddable":true,"href":"https:\/\/www.zsben.cz\/wordpress\/index.php?rest_route=%2Fwp%2Fv2%2Fcomments&post=103113"}],"version-history":[{"count":3,"href":"https:\/\/www.zsben.cz\/wordpress\/index.php?rest_route=\/wp\/v2\/posts\/103113\/revisions"}],"predecessor-version":[{"id":103151,"href":"https:\/\/www.zsben.cz\/wordpress\/index.php?rest_route=\/wp\/v2\/posts\/103113\/revisions\/103151"}],"wp:attachment":[{"href":"https:\/\/www.zsben.cz\/wordpress\/index.php?rest_route=%2Fwp%2Fv2%2Fmedia&parent=103113"}],"wp:term":[{"taxonomy":"category","embeddable":true,"href":"https:\/\/www.zsben.cz\/wordpress\/index.php?rest_route=%2Fwp%2Fv2%2Fcategories&post=103113"},{"taxonomy":"post_tag","embeddable":true,"href":"https:\/\/www.zsben.cz\/wordpress\/index.php?rest_route=%2Fwp%2Fv2%2Ftags&post=103113"}],"curies":[{"name":"wp","href":"https:\/\/api.w.org\/{rel}","templated":true}]}}