{"id":101171,"date":"2023-03-31T13:48:15","date_gmt":"2023-03-31T11:48:15","guid":{"rendered":"https:\/\/www.zsben.cz\/wordpress\/?p=101171"},"modified":"2023-03-31T13:48:15","modified_gmt":"2023-03-31T11:48:15","slug":"plavecko-bezecky-pohar-praha","status":"publish","type":"post","link":"https:\/\/www.zsben.cz\/wordpress\/?p=101171","title":{"rendered":"Plavecko &#8211; b\u011b\u017eeck\u00fd poh\u00e1r Praha"},"content":{"rendered":"<p>Vybran\u00ed \u017e\u00e1ci na\u0161\u00ed \u0161koly se z\u00fa\u010dastnili plavecko &#8211; b\u011b\u017eeck\u00fdch z\u00e1vod\u016f v Praze. Zm\u011b\u0159ili s\u00edly se \u017e\u00e1ky z\u00e1kladn\u00edch \u0161kol z r\u016fzn\u00fdch \u010d\u00e1st\u00ed Prahy v plav\u00e1n\u00ed na 50 metr\u016f a b\u011bhu na 1 kilometr.&nbsp;<\/p>\n<p>Gratulace pat\u0159\u00ed v\u0161em, kte\u0159\u00ed se z\u00fa\u010dastnili a velk\u00e1 porce gratulace t\u011bm, kte\u0159\u00ed p\u0159ivezli i medaili.&nbsp;<\/p>\n<p>&nbsp;<\/p>\n<p>kategorie 8. a 9. t\u0159\u00edda :&nbsp;<\/p>\n<p>Jakub Ma\u0159\u00edk 9.C &#8211;&nbsp; 1.m\u00edsto&nbsp;<\/p>\n<p>Maty\u00e1\u0161 P\u011bch 9.C &#8211; 2.m\u00edsto&nbsp;<\/p>\n<p>Nikola Vykoukov\u00e1 9.C &#8211; 3.m\u00edsto&nbsp;<\/p>\n<p>&nbsp;<\/p>\n<p>Kategorie 6. a 7. t\u0159\u00edda:<\/p>\n<p>Marek \u0160tolba 7.C &#8211; 1.m\u00edsto&nbsp;<\/p>\n<p>Julie Vesel\u00e1 7.C &#8211; 1.m\u00edsto&nbsp;<\/p>\nngg_shortcode_0_placeholder\n<div class=\"fcbkbttn_buttons_block\" id=\"fcbkbttn_left\"><div class=\"fcbkbttn_like \"><div class=\"fb-like fb-like-button_count\" data-href=\"https:\/\/www.zsben.cz\/wordpress\/?p=101171\" data-colorscheme=\"light\" data-layout=\"button_count\" data-action=\"like\"  data-size=\"small\"><\/div><\/div><div class=\"fb-share-button  \" data-href=\"https:\/\/www.zsben.cz\/wordpress\/?p=101171\" data-type=\"button_count\" data-size=\"small\"><\/div><\/div>","protected":false},"excerpt":{"rendered":"<p>Vybran\u00ed \u017e\u00e1ci na\u0161\u00ed \u0161koly se z\u00fa\u010dastnili plavecko &#8211; b\u011b\u017eeck\u00fdch z\u00e1vod\u016f v Praze. Zm\u011b\u0159ili s\u00edly se \u017e\u00e1ky z\u00e1kladn\u00edch \u0161kol z r\u016fzn\u00fdch \u010d\u00e1st\u00ed Prahy v plav\u00e1n\u00ed na 50 metr\u016f a b\u011bhu na 1 kilometr.&nbsp; Gratulace pat\u0159\u00ed v\u0161em, kte\u0159\u00ed se z\u00fa\u010dastnili a velk\u00e1 porce gratulace t\u011bm, kte\u0159\u00ed p\u0159ivezli i medaili.&nbsp; &nbsp; kategorie 8. a 9. t\u0159\u00edda :&nbsp; Jakub [&hellip;]<\/p>\n","protected":false},"author":4,"featured_media":0,"comment_status":"closed","ping_status":"closed","sticky":false,"template":"","format":"standard","meta":{"ngg_post_thumbnail":0,"footnotes":""},"categories":[1,10],"tags":[],"class_list":["post-101171","post","type-post","status-publish","format-standard","hentry","category-aktuality","category-telocvik"],"_links":{"self":[{"href":"https:\/\/www.zsben.cz\/wordpress\/index.php?rest_route=\/wp\/v2\/posts\/101171","targetHints":{"allow":["GET"]}}],"collection":[{"href":"https:\/\/www.zsben.cz\/wordpress\/index.php?rest_route=\/wp\/v2\/posts"}],"about":[{"href":"https:\/\/www.zsben.cz\/wordpress\/index.php?rest_route=\/wp\/v2\/types\/post"}],"author":[{"embeddable":true,"href":"https:\/\/www.zsben.cz\/wordpress\/index.php?rest_route=\/wp\/v2\/users\/4"}],"replies":[{"embeddable":true,"href":"https:\/\/www.zsben.cz\/wordpress\/index.php?rest_route=%2Fwp%2Fv2%2Fcomments&post=101171"}],"version-history":[{"count":1,"href":"https:\/\/www.zsben.cz\/wordpress\/index.php?rest_route=\/wp\/v2\/posts\/101171\/revisions"}],"predecessor-version":[{"id":101172,"href":"https:\/\/www.zsben.cz\/wordpress\/index.php?rest_route=\/wp\/v2\/posts\/101171\/revisions\/101172"}],"wp:attachment":[{"href":"https:\/\/www.zsben.cz\/wordpress\/index.php?rest_route=%2Fwp%2Fv2%2Fmedia&parent=101171"}],"wp:term":[{"taxonomy":"category","embeddable":true,"href":"https:\/\/www.zsben.cz\/wordpress\/index.php?rest_route=%2Fwp%2Fv2%2Fcategories&post=101171"},{"taxonomy":"post_tag","embeddable":true,"href":"https:\/\/www.zsben.cz\/wordpress\/index.php?rest_route=%2Fwp%2Fv2%2Ftags&post=101171"}],"curies":[{"name":"wp","href":"https:\/\/api.w.org\/{rel}","templated":true}]}}