{"id":8925,"date":"2019-06-28T09:08:28","date_gmt":"2019-06-28T07:08:28","guid":{"rendered":"https:\/\/www.zsben.cz\/labyrint\/?p=8925"},"modified":"2019-06-28T09:08:28","modified_gmt":"2019-06-28T07:08:28","slug":"krasne-predstaveni-predskolacku-pro-rodice","status":"publish","type":"post","link":"https:\/\/www.zsben.cz\/labyrint\/?p=8925","title":{"rendered":"Kr\u00e1sn\u00e9 p\u0159edstaven\u00ed p\u0159ed\u0161kol\u00e1\u010dk\u016f pro rodi\u010de"},"content":{"rendered":"<p>Na\u0161i p\u0159ed\u0161kol\u00e1\u010dci si na z\u00e1v\u011br \u0161koln\u00edho roku p\u0159ipravili pro sv\u00e9 rodi\u010de, prarodi\u010de a sourozence p\u0159edstaven\u00ed, ve kter\u00e9m p\u0159edvedli, co v\u0161echno se ve \u0161koln\u00edm roce 2018\/2019 nau\u010dili.<\/p>\n<p>D\u011bti byly velmi \u0161ikovn\u00e9, samy si vyrobily ve\u0161ker\u00e9 kulisy, p\u0159ipravily si hudebn\u00ed i recita\u010dn\u00ed vystoupen\u00ed.<\/p>\n<p>To v\u0161e pod veden\u00edm pan\u00ed u\u010ditelky Mgr. Lucie Du\u0161kov\u00e9, kter\u00e1 byla i sc\u00e9n\u00e1ristkou cel\u00e9ho p\u0159edstaven\u00ed.<\/p>\n<p>Na z\u00e1v\u011br p\u0159ed\u0161kol\u00e1\u010dci dostali vysv\u011bd\u010den\u00ed od pan\u00ed \u0159editelky PaedDr. Hany P<img loading=\"lazy\" decoding=\"async\" class=\"size-medium wp-image-8929 alignleft\" src=\"https:\/\/www.zsben.cz\/labyrint\/wp-content\/uploads\/2019\/06\/20190627_090403-300x169.jpg\" alt=\"\" width=\"300\" height=\"169\" srcset=\"https:\/\/www.zsben.cz\/labyrint\/wp-content\/uploads\/2019\/06\/20190627_090403-300x169.jpg 300w, https:\/\/www.zsben.cz\/labyrint\/wp-content\/uploads\/2019\/06\/20190627_090403-768x432.jpg 768w, https:\/\/www.zsben.cz\/labyrint\/wp-content\/uploads\/2019\/06\/20190627_090403-1000x563.jpg 1000w, https:\/\/www.zsben.cz\/labyrint\/wp-content\/uploads\/2019\/06\/20190627_090403-1920x1080.jpg 1920w\" sizes=\"auto, (max-width: 300px) 100vw, 300px\" \/>roch\u00e1zkov\u00e9.<\/p>\n<p>V\u0161em d\u011btem d\u011bkujeme za n\u00e1dhern\u00fd z\u00e1\u017eitek a p\u0159ejeme jim, a\u0165 se jim p\u0159\u00ed\u0161t\u00ed rok v 1. t\u0159\u00edd\u00e1ch moc l\u00edb\u00ed.<\/p>\n<p><em>Redakto\u0159i Labyrintu<\/em><\/p>\n<p>&nbsp;<\/p>\n","protected":false},"excerpt":{"rendered":"<p>Na\u0161i p\u0159ed\u0161kol\u00e1\u010dci si na z\u00e1v\u011br \u0161koln\u00edho roku p\u0159ipravili pro sv\u00e9 rodi\u010de, prarodi\u010de a sourozence p\u0159edstaven\u00ed, ve kter\u00e9m p\u0159edvedli, co v\u0161echno se ve \u0161koln\u00edm roce 2018\/2019&hellip; <\/p>\n","protected":false},"author":56,"featured_media":8926,"comment_status":"open","ping_status":"open","sticky":false,"template":"","format":"standard","meta":{"footnotes":""},"categories":[49],"tags":[],"class_list":["post-8925","post","type-post","status-publish","format-standard","has-post-thumbnail","hentry","category-nezarazene"],"_links":{"self":[{"href":"https:\/\/www.zsben.cz\/labyrint\/index.php?rest_route=\/wp\/v2\/posts\/8925","targetHints":{"allow":["GET"]}}],"collection":[{"href":"https:\/\/www.zsben.cz\/labyrint\/index.php?rest_route=\/wp\/v2\/posts"}],"about":[{"href":"https:\/\/www.zsben.cz\/labyrint\/index.php?rest_route=\/wp\/v2\/types\/post"}],"author":[{"embeddable":true,"href":"https:\/\/www.zsben.cz\/labyrint\/index.php?rest_route=\/wp\/v2\/users\/56"}],"replies":[{"embeddable":true,"href":"https:\/\/www.zsben.cz\/labyrint\/index.php?rest_route=%2Fwp%2Fv2%2Fcomments&post=8925"}],"version-history":[{"count":1,"href":"https:\/\/www.zsben.cz\/labyrint\/index.php?rest_route=\/wp\/v2\/posts\/8925\/revisions"}],"predecessor-version":[{"id":8930,"href":"https:\/\/www.zsben.cz\/labyrint\/index.php?rest_route=\/wp\/v2\/posts\/8925\/revisions\/8930"}],"wp:featuredmedia":[{"embeddable":true,"href":"https:\/\/www.zsben.cz\/labyrint\/index.php?rest_route=\/wp\/v2\/media\/8926"}],"wp:attachment":[{"href":"https:\/\/www.zsben.cz\/labyrint\/index.php?rest_route=%2Fwp%2Fv2%2Fmedia&parent=8925"}],"wp:term":[{"taxonomy":"category","embeddable":true,"href":"https:\/\/www.zsben.cz\/labyrint\/index.php?rest_route=%2Fwp%2Fv2%2Fcategories&post=8925"},{"taxonomy":"post_tag","embeddable":true,"href":"https:\/\/www.zsben.cz\/labyrint\/index.php?rest_route=%2Fwp%2Fv2%2Ftags&post=8925"}],"curies":[{"name":"wp","href":"https:\/\/api.w.org\/{rel}","templated":true}]}}