{"id":862,"date":"2015-01-03T00:00:32","date_gmt":"2015-01-02T23:00:32","guid":{"rendered":"http:\/\/www1.zsben.cz\/labyrint\/?p=862"},"modified":"2019-03-29T15:36:10","modified_gmt":"2019-03-29T14:36:10","slug":"dukla-ma-talent-informace","status":"publish","type":"post","link":"https:\/\/www.zsben.cz\/labyrint\/?p=862","title":{"rendered":"Dukla m\u00e1 TALENT &#8211; informace"},"content":{"rendered":"<p style=\"line-height: 115%; text-align: justify;\"><span style=\"font-size: 10.0pt; line-height: 115%; font-family: 'Georgia','serif'; color: #333333;\">Mil\u00ed spolu\u017e\u00e1ci a rodi\u010de,<\/span><\/p>\n<p style=\"line-height: 115%; word-spacing: 0px; text-align: justify;\"><span style=\"font-size: 10.0pt; line-height: 115%; font-family: 'Georgia','serif'; color: #333333;\">jako v minul\u00e9m roce, tak i letos po\u0159\u00e1d\u00e1 \u0161koln\u00ed \u010dasopis Labyrint p\u0159i Z\u0160 Dukelsk\u00e1 celo\u0161koln\u00ed sout\u011b\u017e Dukla m\u00e1 TALENT. P\u0159ihl\u00e1\u0161ky byly rozd\u00e1ny do t\u0159\u00edd a d\u011bti se mohou p\u0159ihla\u0161ovat do 9.1.2015. Sout\u011b\u017eit se m\u016f\u017ee opravdu ve v\u0161em, a\u0165 je to zp\u011bv, recitace nebo tanec.<span class=\"apple-converted-space\">\u00a0<\/span><strong><span style=\"font-family: 'Georgia','serif';\">1. kolo se uskute\u010dn\u00ed 4.2.2015 ve spole\u010densk\u00e9 m\u00edstnosti na\u0161\u00ed \u0161koly od 14:30 h. (Zm\u011bna vyhrazena).<\/span><\/strong><span class=\"apple-converted-space\">\u00a0<\/span>D\u011bti, kter\u00e9 chod\u00ed do \u0161koln\u00ed dru\u017einy a p\u0159ihl\u00e1s\u00ed se, si vyzvedne jeden s porotc\u016f sout\u011b\u017ee. Porota sout\u011b\u017ee z\u016fst\u00e1v\u00e1 stejn\u00e1 jako minul\u00fd rok. Za u\u010ditele to jsou: Mgr. Iva Chobotsk\u00e1 (He\u0159m\u00e1nkov\u00e1), Mgr. Hana Pecha\u010dov\u00e1 a PaedDr. Sv\u011btlana Mix\u00e1nov\u00e1. Za \u017e\u00e1ky to jsou: David Vesel\u00fd a Kl\u00e1ra Mal\u00e1tov\u00e1. O dal\u0161\u00edch informac\u00edch V\u00e1s budeme informovat. \ud83d\ude00<br \/>\n<\/span><\/p>\n<p style=\"line-height: 115%; word-spacing: 0px; text-align: justify;\">(Porota D.m.T.)<\/p>\n","protected":false},"excerpt":{"rendered":"<p>Mil\u00ed spolu\u017e\u00e1ci a rodi\u010de, jako v minul\u00e9m roce, tak i letos po\u0159\u00e1d\u00e1 \u0161koln\u00ed \u010dasopis Labyrint p\u0159i Z\u0160 Dukelsk\u00e1 celo\u0161koln\u00ed sout\u011b\u017e Dukla m\u00e1 TALENT. P\u0159ihl\u00e1\u0161ky byly&hellip; <\/p>\n","protected":false},"author":13,"featured_media":0,"comment_status":"closed","ping_status":"closed","sticky":false,"template":"","format":"standard","meta":{"footnotes":""},"categories":[140,49],"tags":[22],"class_list":["post-862","post","type-post","status-publish","format-standard","hentry","category-dukla-ma-talent","category-nezarazene","tag-leden-2015"],"_links":{"self":[{"href":"https:\/\/www.zsben.cz\/labyrint\/index.php?rest_route=\/wp\/v2\/posts\/862","targetHints":{"allow":["GET"]}}],"collection":[{"href":"https:\/\/www.zsben.cz\/labyrint\/index.php?rest_route=\/wp\/v2\/posts"}],"about":[{"href":"https:\/\/www.zsben.cz\/labyrint\/index.php?rest_route=\/wp\/v2\/types\/post"}],"author":[{"embeddable":true,"href":"https:\/\/www.zsben.cz\/labyrint\/index.php?rest_route=\/wp\/v2\/users\/13"}],"replies":[{"embeddable":true,"href":"https:\/\/www.zsben.cz\/labyrint\/index.php?rest_route=%2Fwp%2Fv2%2Fcomments&post=862"}],"version-history":[{"count":4,"href":"https:\/\/www.zsben.cz\/labyrint\/index.php?rest_route=\/wp\/v2\/posts\/862\/revisions"}],"predecessor-version":[{"id":873,"href":"https:\/\/www.zsben.cz\/labyrint\/index.php?rest_route=\/wp\/v2\/posts\/862\/revisions\/873"}],"wp:attachment":[{"href":"https:\/\/www.zsben.cz\/labyrint\/index.php?rest_route=%2Fwp%2Fv2%2Fmedia&parent=862"}],"wp:term":[{"taxonomy":"category","embeddable":true,"href":"https:\/\/www.zsben.cz\/labyrint\/index.php?rest_route=%2Fwp%2Fv2%2Fcategories&post=862"},{"taxonomy":"post_tag","embeddable":true,"href":"https:\/\/www.zsben.cz\/labyrint\/index.php?rest_route=%2Fwp%2Fv2%2Ftags&post=862"}],"curies":[{"name":"wp","href":"https:\/\/api.w.org\/{rel}","templated":true}]}}