{"id":832,"date":"2014-12-03T19:15:32","date_gmt":"2014-12-03T18:15:32","guid":{"rendered":"http:\/\/www1.zsben.cz\/labyrint\/?p=832"},"modified":"2019-03-29T15:35:24","modified_gmt":"2019-03-29T14:35:24","slug":"vyhlasovani-skolnich-casopisu-2014","status":"publish","type":"post","link":"https:\/\/www.zsben.cz\/labyrint\/?p=832","title":{"rendered":"Vyhla\u0161ov\u00e1n\u00ed \u0161koln\u00edch \u010dasopis\u016f 2014 &#8211; celorepublikov\u00e9 kolo v Brn\u011b"},"content":{"rendered":"<p>Dne 1.12 se na\u0161e redak\u010dn\u00ed rada z\u00fa\u010dastnila vyhla\u0161ov\u00e1n\u00ed \u0161koln\u00edch \u010dasopis\u016f roku, kter\u00e9 bylo v Brn\u011b. Ji\u017e kolem 5. hodiny jsme vyjeli na na\u0161\u00ed t\u0159\u00ed a p\u016fl hodinovou cestu. Do Brna jsme dorazili kolem 9:30 hodin a pokra\u010dovali jsme na S\u0160 polytechnickou. Nejd\u0159\u00edv n\u00e1s \u010dekalo uv\u00edt\u00e1n\u00ed. Dozv\u011bd\u011bli jsme se, co n\u00e1s v\u0161e \u010dek\u00e1, a tak\u00e9 n\u00e1m \u0159ekli v\u00fdb\u011br workshop\u016f, na kter\u00e9 jsme mohli j\u00edt. J\u00e1 \u0161el na workshop, kter\u00fd se jmenoval Jak zlep\u0161it \u010dasopis. Dozv\u011bd\u011bli jsme se tam, co ud\u011blat pro zlep\u0161en\u00ed \u010dasopisu, a bylo toho opravdu hodn\u011b, ale to sami uvid\u00edte na dal\u0161\u00edm \u010d\u00edsle. Po ukon\u010den\u00ed sout\u011b\u017ee, ve kter\u00e9 jsme\u00a0z\u00edskali ocen\u011bn\u00ed poroty, \u00a0jsme putovali zp\u011bt dom\u016f, ale cesta to nebyla snadn\u00e1. Do Prahy to \u0161lo, ale z Prahy jsme se dostali a\u017e pot\u00e9, co n\u00e1m odvoz sjednala pan\u00ed \u0159editelka, proto\u017ee v\u0161echny vlaky byly zru\u0161eny kv\u016fli\u00a0&#8220;mrazov\u00e9&#8221; kalamit\u011b. Dom\u016f jsme se dostali kolem 23. hodin, ale m\u011bli jsme \u0161t\u011bst\u00ed, \u017ee jsme tam nez\u016fstali do druh\u00e9ho dne.<\/p>\n<p>(Za \u0161koln\u00ed \u010dasopis Labyrint: David Vesel\u00fd)<\/p>\n","protected":false},"excerpt":{"rendered":"<p>Dne 1.12 se na\u0161e redak\u010dn\u00ed rada z\u00fa\u010dastnila vyhla\u0161ov\u00e1n\u00ed \u0161koln\u00edch \u010dasopis\u016f roku, kter\u00e9 bylo v Brn\u011b. Ji\u017e kolem 5. hodiny jsme vyjeli na na\u0161\u00ed t\u0159\u00ed a&hellip; <\/p>\n","protected":false},"author":13,"featured_media":0,"comment_status":"closed","ping_status":"closed","sticky":false,"template":"","format":"standard","meta":{"footnotes":""},"categories":[49,135],"tags":[],"class_list":["post-832","post","type-post","status-publish","format-standard","hentry","category-nezarazene","category-skolni-akce"],"_links":{"self":[{"href":"https:\/\/www.zsben.cz\/labyrint\/index.php?rest_route=\/wp\/v2\/posts\/832","targetHints":{"allow":["GET"]}}],"collection":[{"href":"https:\/\/www.zsben.cz\/labyrint\/index.php?rest_route=\/wp\/v2\/posts"}],"about":[{"href":"https:\/\/www.zsben.cz\/labyrint\/index.php?rest_route=\/wp\/v2\/types\/post"}],"author":[{"embeddable":true,"href":"https:\/\/www.zsben.cz\/labyrint\/index.php?rest_route=\/wp\/v2\/users\/13"}],"replies":[{"embeddable":true,"href":"https:\/\/www.zsben.cz\/labyrint\/index.php?rest_route=%2Fwp%2Fv2%2Fcomments&post=832"}],"version-history":[{"count":1,"href":"https:\/\/www.zsben.cz\/labyrint\/index.php?rest_route=\/wp\/v2\/posts\/832\/revisions"}],"predecessor-version":[{"id":833,"href":"https:\/\/www.zsben.cz\/labyrint\/index.php?rest_route=\/wp\/v2\/posts\/832\/revisions\/833"}],"wp:attachment":[{"href":"https:\/\/www.zsben.cz\/labyrint\/index.php?rest_route=%2Fwp%2Fv2%2Fmedia&parent=832"}],"wp:term":[{"taxonomy":"category","embeddable":true,"href":"https:\/\/www.zsben.cz\/labyrint\/index.php?rest_route=%2Fwp%2Fv2%2Fcategories&post=832"},{"taxonomy":"post_tag","embeddable":true,"href":"https:\/\/www.zsben.cz\/labyrint\/index.php?rest_route=%2Fwp%2Fv2%2Ftags&post=832"}],"curies":[{"name":"wp","href":"https:\/\/api.w.org\/{rel}","templated":true}]}}