{"id":4272,"date":"2016-05-20T06:40:39","date_gmt":"2016-05-20T05:40:39","guid":{"rendered":"http:\/\/www1.zsben.cz\/labyrint\/?p=4272"},"modified":"2016-05-20T06:42:27","modified_gmt":"2016-05-20T05:42:27","slug":"redakcni-rada-naposledy-navstivila-denik","status":"publish","type":"post","link":"https:\/\/www.zsben.cz\/labyrint\/?p=4272","title":{"rendered":"Redak\u010dn\u00ed rada naposledy nav\u0161t\u00edvila den\u00edk"},"content":{"rendered":"<p style=\"text-align: justify;\">Ve st\u0159edu 18. kv\u011btna nav\u0161t\u00edvila redak\u010dn\u00ed rada \u010dasopisu naposledy redakci Bene\u0161ovsk\u00e9ho den\u00edku. C\u00edlem posledn\u00ed hodiny bylo vytvo\u0159en\u00ed sv\u00e9 vlastn\u00ed\u00a0str\u00e1nky v den\u00edku. Redaktor Jevgenij Pavlov se na jedni\u010dku zhostil \u00fakolu a str\u00e1nku z velk\u00e9 \u010d\u00e1sti vytvo\u0159il on s\u00e1m. V \u010dasopisu byly \u010dl\u00e1nky ve \u010dtvrtek a dnes v p\u00e1tek. Redakto\u0159i z\u00edskali cenn\u00e9 zku\u0161enosti s prac\u00ed profesion\u00e1ln\u00edch redaktor\u016f. D\u011bkujeme panu redaktorovi Ladislavu Jeriemu, kter\u00fd si ud\u011blal \u010das a projekt zrealizoval. \u010cl\u00e1nek na webu si m\u016f\u017eete p\u0159e\u010d\u00edst kliknut\u00edm na obr\u00e1zek pod \u010dl\u00e1nkem. V den\u00edku se n\u00e1m moc l\u00edbilo a douf\u00e1me, \u017ee jeho redakci nav\u0161t\u00edv\u00edme i p\u0159\u00ed\u0161t\u00ed rok!<\/p>\n<p style=\"text-align: right;\"><a href=\"http:\/\/benesovsky.denik.cz\/zpravy_region\/zakovsti-redaktori-zavrsili-staze-v-benesovskem-deniku-20160519.html\"><img loading=\"lazy\" decoding=\"async\" class=\"alignleft size-full wp-image-4274\" src=\"http:\/\/www.zsben.cz\/labyrint\/wp-content\/uploads\/2016\/05\/denik_region.png\" alt=\"denik_region\" width=\"180\" height=\"30\" \/><\/a>David Vesel\u00fd &#8211; \u0161\u00e9fredaktor<\/p>\n<p>&nbsp;<\/p>\n","protected":false},"excerpt":{"rendered":"<p>Ve st\u0159edu 18. kv\u011btna nav\u0161t\u00edvila redak\u010dn\u00ed rada \u010dasopisu naposledy redakci Bene\u0161ovsk\u00e9ho den\u00edku. C\u00edlem posledn\u00ed hodiny bylo vytvo\u0159en\u00ed sv\u00e9 vlastn\u00ed\u00a0str\u00e1nky v den\u00edku. Redaktor Jevgenij Pavlov se&hellip; <\/p>\n","protected":false},"author":13,"featured_media":2436,"comment_status":"open","ping_status":"open","sticky":false,"template":"","format":"standard","meta":{"footnotes":""},"categories":[49],"tags":[87],"class_list":["post-4272","post","type-post","status-publish","format-standard","has-post-thumbnail","hentry","category-nezarazene","tag-kveten-2016"],"_links":{"self":[{"href":"https:\/\/www.zsben.cz\/labyrint\/index.php?rest_route=\/wp\/v2\/posts\/4272","targetHints":{"allow":["GET"]}}],"collection":[{"href":"https:\/\/www.zsben.cz\/labyrint\/index.php?rest_route=\/wp\/v2\/posts"}],"about":[{"href":"https:\/\/www.zsben.cz\/labyrint\/index.php?rest_route=\/wp\/v2\/types\/post"}],"author":[{"embeddable":true,"href":"https:\/\/www.zsben.cz\/labyrint\/index.php?rest_route=\/wp\/v2\/users\/13"}],"replies":[{"embeddable":true,"href":"https:\/\/www.zsben.cz\/labyrint\/index.php?rest_route=%2Fwp%2Fv2%2Fcomments&post=4272"}],"version-history":[{"count":3,"href":"https:\/\/www.zsben.cz\/labyrint\/index.php?rest_route=\/wp\/v2\/posts\/4272\/revisions"}],"predecessor-version":[{"id":4276,"href":"https:\/\/www.zsben.cz\/labyrint\/index.php?rest_route=\/wp\/v2\/posts\/4272\/revisions\/4276"}],"wp:featuredmedia":[{"embeddable":true,"href":"https:\/\/www.zsben.cz\/labyrint\/index.php?rest_route=\/wp\/v2\/media\/2436"}],"wp:attachment":[{"href":"https:\/\/www.zsben.cz\/labyrint\/index.php?rest_route=%2Fwp%2Fv2%2Fmedia&parent=4272"}],"wp:term":[{"taxonomy":"category","embeddable":true,"href":"https:\/\/www.zsben.cz\/labyrint\/index.php?rest_route=%2Fwp%2Fv2%2Fcategories&post=4272"},{"taxonomy":"post_tag","embeddable":true,"href":"https:\/\/www.zsben.cz\/labyrint\/index.php?rest_route=%2Fwp%2Fv2%2Ftags&post=4272"}],"curies":[{"name":"wp","href":"https:\/\/api.w.org\/{rel}","templated":true}]}}