{"id":3836,"date":"2016-03-02T19:09:56","date_gmt":"2016-03-02T18:09:56","guid":{"rendered":"http:\/\/www1.zsben.cz\/labyrint\/?p=3836"},"modified":"2019-03-29T15:40:02","modified_gmt":"2019-03-29T14:40:02","slug":"navsteva-pripravne-tridy-v-labyrintu-aneb-chceme-take-psat","status":"publish","type":"post","link":"https:\/\/www.zsben.cz\/labyrint\/?p=3836","title":{"rendered":"N\u00e1v\u0161t\u011bva p\u0159\u00edpravn\u00e9 t\u0159\u00eddy v Labyrintu aneb Chceme tak\u00e9 ps\u00e1t"},"content":{"rendered":"<p>Dnes 2. b\u0159ezna k n\u00e1m na rann\u00ed hodinu op\u011bt zav\u00edtaly d\u011bti\u00a0z p\u0159\u00edpravn\u00e9 t\u0159\u00eddy se svoj\u00ed pan\u00ed u\u010ditelkou Luci\u00ed Du\u0161kovou. My jsme si ka\u017ed\u00fd vzal jednoho mal\u00e9ho spolu\u017e\u00e1ka a on n\u00e1m v\u017edycky \u0159ekl, co bych cht\u011bl napsat. A tady to je :-)):<\/p>\n<p><span style=\"font-size: 18pt;\"><strong><u>Jak se l\u00edb\u00ed Ruslanovi v p\u0159\u00edpravn\u00e9 t\u0159\u00edd\u011b<\/u><\/strong><\/span><\/p>\n<p>Mn\u011b se l\u00edb\u00ed, \u017ee si m\u016f\u017eeme hr\u00e1t s legem a s dal\u0161\u00edmi hrami. Tak\u00e9 se mi l\u00edb\u00ed, \u017ee n\u00e1m d\u00e1v\u00e1 pan\u00ed u\u010ditelka \u00fakoly, kter\u00e9 mus\u00edme vypl\u0148ovat. M\u00e1me t\u0159eba \u00fakoly, \u017ee mus\u00edme vybarvit stejnou barvou pol\u00ed\u010dka, kter\u00e1 za\u010d\u00ednaj\u00ed p\u00edsmenem P. V\u017edy m\u00e1m \u00fakoly spr\u00e1vn\u011b a dostanu jedni\u010dku s hv\u011bzdi\u010dkou. Tak\u00e9\u00a0 r\u00e1d hraji hry s m\u00fdmi spolu\u017e\u00e1ky, nap\u0159\u00edklad s legem nebo si kresl\u00edme. V p\u0159\u00edpravn\u00e9 t\u0159\u00edd\u011b tak\u00e9 po\u010d\u00edt\u00e1me p\u0159\u00edklady, co\u017e m\u011b hodn\u011b bav\u00ed. Nejen \u017ee po\u010d\u00edt\u00e1me, ale u\u010d\u00edme se tak\u00e9 p\u00edsmenka. L\u00edb\u00ed se mi, kdy\u017e chod\u00edme s pan\u00ed u\u010ditelkou ven na proch\u00e1zky nebo na h\u0159i\u0161t\u011b.<\/p>\n<p style=\"text-align: justify;\">Sepsal David Vesel\u00fd<img loading=\"lazy\" decoding=\"async\" class=\"alignnone wp-image-3874\" src=\"http:\/\/www.zsben.cz\/labyrint\/wp-content\/uploads\/2016\/03\/IMG_3401-300x225.jpg\" alt=\"IMG_3401\" width=\"243\" height=\"182\" \/><\/p>\n<p>Dobr\u00fd den,<br \/>\nj\u00e1 jsem <strong><span style=\"font-size: 18pt;\">Vaneska Honkov\u00e1<\/span><\/strong>. M\u00e1m r\u00e1da v\u0161echna zv\u00ed\u0159\u00e1tka. Ned\u00e1vno se mi narodil mal\u00fd br\u00e1\u0161ka M\u00ed\u0161a. Nejrad\u0161\u00ed m\u00e1m, kdy\u017e se slav\u00ed narozeniny. M\u016fj kamar\u00e1d se jmenuje Fanda. M\u00e1m r\u00e1da v\u0161echny barvi\u010dky krom\u011b tmav\u011b hn\u011bd\u00e9. M\u00e1m r\u00e1da hru minecraft. Sleduji poh\u00e1dku Krte\u010dek. M\u00e1m r\u00e1da And\u00edlky. \ud83d\ude42<\/p>\n<p>Sepsala Kate\u0159ina Mackov\u00e1<\/p>\n<p><img loading=\"lazy\" decoding=\"async\" class=\"alignnone size-medium wp-image-3873\" src=\"http:\/\/www.zsben.cz\/labyrint\/wp-content\/uploads\/2016\/03\/IMG_3400-300x225.jpg\" alt=\"IMG_3400\" width=\"300\" height=\"225\" \/><\/p>\n<p>&nbsp;<\/p>\n<p><span style=\"text-decoration: underline;\"><span style=\"font-size: 18pt;\"><strong>Rozhovor s Dominikem Deverou<\/strong>:<\/span><\/span><\/p>\n<p>Kolik ti je let?<\/p>\n<p><strong>Je mi 7 let.<\/strong><\/p>\n<p>Kde bydl\u00ed\u0161?<\/p>\n<p><strong>Bydl\u00edm v Bene\u0161ov\u011b.<\/strong><\/p>\n<p>Jak\u00e9 je tvoje obl\u00edben\u00e9 zv\u00ed\u0159e?<\/p>\n<p><strong>Moje obl\u00edben\u00e9 zv\u00ed\u0159e je \u017eelva<\/strong><\/p>\n<p>Do jak\u00e9 \u0161kolky jsi chodil?<\/p>\n<p><strong>Chodil jsem \u00a0do \u0161kolky\u00a0U Kohoutka Sedmip\u00edrka .<\/strong><img loading=\"lazy\" decoding=\"async\" class=\"size-medium wp-image-3876 alignleft\" src=\"http:\/\/www.zsben.cz\/labyrint\/wp-content\/uploads\/2016\/03\/IMG_3403-300x225.jpg\" alt=\"IMG_3403\" width=\"300\" height=\"225\" \/><\/p>\n<p>Na co se r\u00e1d kouk\u00e1\u0161 v televizi?<\/p>\n<p><strong>Na \u017delvy nind\u017ea.<\/strong><\/p>\n<p>Sepsal Martin Popovsk\u00fd<\/p>\n<p>&nbsp;<\/p>\n<p>&nbsp;<\/p>\n<p>&nbsp;<\/p>\n<p><span style=\"font-size: 18pt;\"><strong><u>Od: Luk\u00e1\u0161e <\/u><\/strong><strong><u>Kam<\/u><\/strong><strong><u>al\u00fdka<\/u><\/strong><\/span><\/p>\n<p>R\u00e1d d\u011bl\u00e1m \u00fakoly, nap\u0159. vyr\u00e1b\u011bn\u00ed \u017eelv. Taky m\u00e1m r\u00e1d na\u0161\u00ed pan\u00ed u\u010ditelku. Nejrad\u011bji si hraji s Dominikem. Z lega Duplo stav\u00edm s kamar\u00e1dy \u00a0obrovsk\u00fd hrad. Se \u0161kolou jsme nav\u0161t\u00edvili Muzeum lega v\u00a0Bene\u0161ov\u011b. Stav\u00edm tak\u00e9 r\u00e1d auta z\u00a0lega.<\/p>\n<p><span style=\"font-size: 18pt; text-decoration: underline;\"><strong>Kuba Van\u011bk: \u010c\u00edm bych cht\u011bl b\u00fdt<\/strong><\/span><\/p>\n<p>P\u0159edstavuji si, \u017ee a\u017e budu velk\u00fd, tak budu policista\u00a0a budu chytat zlod\u011bje. Budu m\u00edt vlastn\u00ed &#8220;z\u00e1sahovku&#8221;, budu parkourista, abych mohl chytat zlod\u011bje i v nejm\u00e9n\u011b dosa\u017eiteln\u00fdch m\u00edstech. Cht\u011bl bych m\u00edt policejn\u00ed motorku, abych si mohl volat posily, ale samoz\u0159ejm\u011b, jen kdy\u017e budu v t\u011bch nejhor\u0161\u00edch chv\u00edl\u00edch.<\/p>\n<p>Sepsal Luk\u00e1\u0161 \u010cu\u0159\u00edk<img loading=\"lazy\" decoding=\"async\" class=\"alignnone size-medium wp-image-3875\" src=\"http:\/\/www.zsben.cz\/labyrint\/wp-content\/uploads\/2016\/03\/IMG_3402-300x225.jpg\" alt=\"IMG_3402\" width=\"300\" height=\"225\" \/><\/p>\n<p><span style=\"font-size: 18pt; text-decoration: underline;\"><strong>Co se l\u00edb\u00ed Patrikovi z p\u0159\u00edpravn\u00e9 t\u0159\u00eddy:<\/strong><\/span><\/p>\n<p>L\u00edb\u00ed se mi autobusy, jak jsou zbarven\u00e9, jak pan \u0159idi\u010d otev\u00edr\u00e1 dve\u0159e. Autobusem jsem jezdil na plav\u00e1n\u00ed. L\u00edb\u00ed se mi, \u017ee m\u016f\u017ee vozit hodn\u011b lid\u00ed a m\u00e1 hodn\u011b sedadel. Doma jsem m\u011bl 2 autobusy, ale u\u017e jsem je bohu\u017eel rozbil.<\/p>\n<p>Sepsala Magdal\u00e9na Fla\u0161\u00edkov\u00e1<\/p>\n<p>&nbsp;<\/p>\n","protected":false},"excerpt":{"rendered":"<p>Dnes 2. b\u0159ezna k n\u00e1m na rann\u00ed hodinu op\u011bt zav\u00edtaly d\u011bti\u00a0z p\u0159\u00edpravn\u00e9 t\u0159\u00eddy se svoj\u00ed pan\u00ed u\u010ditelkou Luci\u00ed Du\u0161kovou. My jsme si ka\u017ed\u00fd vzal jednoho&hellip; <\/p>\n","protected":false},"author":30,"featured_media":0,"comment_status":"open","ping_status":"open","sticky":false,"template":"","format":"standard","meta":{"footnotes":""},"categories":[49,153],"tags":[84],"class_list":["post-3836","post","type-post","status-publish","format-standard","hentry","category-nezarazene","category-rozhovory","tag-brezen-2016"],"_links":{"self":[{"href":"https:\/\/www.zsben.cz\/labyrint\/index.php?rest_route=\/wp\/v2\/posts\/3836","targetHints":{"allow":["GET"]}}],"collection":[{"href":"https:\/\/www.zsben.cz\/labyrint\/index.php?rest_route=\/wp\/v2\/posts"}],"about":[{"href":"https:\/\/www.zsben.cz\/labyrint\/index.php?rest_route=\/wp\/v2\/types\/post"}],"author":[{"embeddable":true,"href":"https:\/\/www.zsben.cz\/labyrint\/index.php?rest_route=\/wp\/v2\/users\/30"}],"replies":[{"embeddable":true,"href":"https:\/\/www.zsben.cz\/labyrint\/index.php?rest_route=%2Fwp%2Fv2%2Fcomments&post=3836"}],"version-history":[{"count":2,"href":"https:\/\/www.zsben.cz\/labyrint\/index.php?rest_route=\/wp\/v2\/posts\/3836\/revisions"}],"predecessor-version":[{"id":3860,"href":"https:\/\/www.zsben.cz\/labyrint\/index.php?rest_route=\/wp\/v2\/posts\/3836\/revisions\/3860"}],"wp:attachment":[{"href":"https:\/\/www.zsben.cz\/labyrint\/index.php?rest_route=%2Fwp%2Fv2%2Fmedia&parent=3836"}],"wp:term":[{"taxonomy":"category","embeddable":true,"href":"https:\/\/www.zsben.cz\/labyrint\/index.php?rest_route=%2Fwp%2Fv2%2Fcategories&post=3836"},{"taxonomy":"post_tag","embeddable":true,"href":"https:\/\/www.zsben.cz\/labyrint\/index.php?rest_route=%2Fwp%2Fv2%2Ftags&post=3836"}],"curies":[{"name":"wp","href":"https:\/\/api.w.org\/{rel}","templated":true}]}}