{"id":3307,"date":"2015-12-10T17:35:47","date_gmt":"2015-12-10T16:35:47","guid":{"rendered":"http:\/\/www1.zsben.cz\/labyrint\/?p=3307"},"modified":"2015-12-10T18:49:51","modified_gmt":"2015-12-10T17:49:51","slug":"oceneni-od-stredaceskeho-kraje","status":"publish","type":"post","link":"https:\/\/www.zsben.cz\/labyrint\/?p=3307","title":{"rendered":"Ocen\u011bn\u00ed od St\u0159edo\u010desk\u00e9ho kraje pro redaktory"},"content":{"rendered":"<p>V \u00fater\u00fd 8. prosince oce\u0148oval St\u0159edo\u010desk\u00fd kraj \u017e\u00e1ky a studenty za \u00fasp\u011b\u0161nou reprezentaci v r\u016fzn\u00fdch sout\u011b\u017e\u00edch. Sou\u010d\u00e1st\u00ed programu bylo letos i\u00a0ocen\u011bn\u00ed pr\u00e1ce\u00a0dobrovoln\u00edk\u016f. N\u00e1\u0161 \u010dasopis byl\u00a0odm\u011bn\u011bn za druh\u00e9 m\u00edsto v sout\u011b\u017ei \u0161koln\u00edch \u010dasopis\u016f. Vyhodnocov\u00e1n\u00ed bylo dlouh\u00e9, celkem trvalo dv\u011b hodiny. Zhruba\u00a0v polovin\u011b programu jsme p\u0159i\u0161li na \u0159adu my. Ka\u017ed\u00fd z redaktor\u016f dostal pod\u011bkov\u00e1n\u00ed a pouk\u00e1zku. Akci doplnila 3\u00a0vystoupen\u00ed, ve kter\u00fdch se\u00a0n\u00e1m p\u0159edstavily v\u011bt\u0161inou tane\u010dn\u00ed skupiny op\u011bt \u00fasp\u011b\u0161n\u011b reprezentuj\u00edc\u00ed n\u00e1\u0161 kraj.\u00a0Cel\u00fd program se mi l\u00edbil i d\u00edky vtipn\u00e9mu moder\u00e1torovi a rautu, kter\u00fd byl pro v\u0161echny velmi p\u011bkn\u011b p\u0159ipraven ve vedlej\u0161\u00edm s\u00e1le Kulturn\u00edho centra Karlov.<\/p>\n<p>D\u011bkujeme St\u0159edo\u010desk\u00e9mu kraji, \u017ee si cen\u00ed dobr\u00e9 pr\u00e1ce dobrovoln\u00edk\u016f, \u017e\u00e1k\u016f a student\u016f.<\/p>\n<p>David Vesel\u00fd<\/p>\n","protected":false},"excerpt":{"rendered":"<p>V \u00fater\u00fd 8. prosince oce\u0148oval St\u0159edo\u010desk\u00fd kraj \u017e\u00e1ky a studenty za \u00fasp\u011b\u0161nou reprezentaci v r\u016fzn\u00fdch sout\u011b\u017e\u00edch. Sou\u010d\u00e1st\u00ed programu bylo letos i\u00a0ocen\u011bn\u00ed pr\u00e1ce\u00a0dobrovoln\u00edk\u016f. N\u00e1\u0161 \u010dasopis byl\u00a0odm\u011bn\u011bn&hellip; <\/p>\n","protected":false},"author":13,"featured_media":0,"comment_status":"open","ping_status":"closed","sticky":false,"template":"","format":"standard","meta":{"footnotes":""},"categories":[49],"tags":[75],"class_list":["post-3307","post","type-post","status-publish","format-standard","hentry","category-nezarazene","tag-prosinec-2015"],"_links":{"self":[{"href":"https:\/\/www.zsben.cz\/labyrint\/index.php?rest_route=\/wp\/v2\/posts\/3307","targetHints":{"allow":["GET"]}}],"collection":[{"href":"https:\/\/www.zsben.cz\/labyrint\/index.php?rest_route=\/wp\/v2\/posts"}],"about":[{"href":"https:\/\/www.zsben.cz\/labyrint\/index.php?rest_route=\/wp\/v2\/types\/post"}],"author":[{"embeddable":true,"href":"https:\/\/www.zsben.cz\/labyrint\/index.php?rest_route=\/wp\/v2\/users\/13"}],"replies":[{"embeddable":true,"href":"https:\/\/www.zsben.cz\/labyrint\/index.php?rest_route=%2Fwp%2Fv2%2Fcomments&post=3307"}],"version-history":[{"count":1,"href":"https:\/\/www.zsben.cz\/labyrint\/index.php?rest_route=\/wp\/v2\/posts\/3307\/revisions"}],"predecessor-version":[{"id":3308,"href":"https:\/\/www.zsben.cz\/labyrint\/index.php?rest_route=\/wp\/v2\/posts\/3307\/revisions\/3308"}],"wp:attachment":[{"href":"https:\/\/www.zsben.cz\/labyrint\/index.php?rest_route=%2Fwp%2Fv2%2Fmedia&parent=3307"}],"wp:term":[{"taxonomy":"category","embeddable":true,"href":"https:\/\/www.zsben.cz\/labyrint\/index.php?rest_route=%2Fwp%2Fv2%2Fcategories&post=3307"},{"taxonomy":"post_tag","embeddable":true,"href":"https:\/\/www.zsben.cz\/labyrint\/index.php?rest_route=%2Fwp%2Fv2%2Ftags&post=3307"}],"curies":[{"name":"wp","href":"https:\/\/api.w.org\/{rel}","templated":true}]}}