{"id":3275,"date":"2015-12-08T16:08:59","date_gmt":"2015-12-08T15:08:59","guid":{"rendered":"http:\/\/www1.zsben.cz\/labyrint\/?p=3275"},"modified":"2019-03-29T15:40:02","modified_gmt":"2019-03-29T14:40:02","slug":"rozhovor-pro-cesky-rozhlas","status":"publish","type":"post","link":"https:\/\/www.zsben.cz\/labyrint\/?p=3275","title":{"rendered":"Rozhovor pro \u010cesk\u00fd rozhlas"},"content":{"rendered":"<p>Dne 7. prosince p\u0159ijela do \u0161koly redaktorka \u010cesk\u00e9ho rozhlasu V\u011bra H\u00e1jkov\u00e1, aby s n\u00e1mi redaktory ud\u011blala rozhovor o\u00a0 \u00fasp\u011bchu v celoropublikov\u00e9m fin\u00e1le, kde\u00a0jsem z\u00edskali\u00a02. m\u00edsto. Z\u00e1znam si m\u016f\u017eete pustit pod t\u00edmto textem. \ud83d\ude42<\/p>\n<p>V \u00fater\u00fd to vys\u00edlalo r\u00e1dio R-Region.<\/p>\n<audio class=\"wp-audio-shortcode\" id=\"audio-3275-1\" preload=\"none\" style=\"width: 100%;\" controls=\"controls\"><source type=\"audio\/mpeg\" src=\"http:\/\/www.zsben.cz\/labyrint\/wp-content\/uploads\/2015\/12\/casopis.mp3?_=1\" \/><a href=\"http:\/\/www.zsben.cz\/labyrint\/wp-content\/uploads\/2015\/12\/casopis.mp3\">http:\/\/www.zsben.cz\/labyrint\/wp-content\/uploads\/2015\/12\/casopis.mp3<\/a><\/audio>\n<p>Brzy v\u00e1m p\u0159ineseme rozhovor s touto redaktorkou, proto\u017ee jsme se j\u00ed tak\u00e9 zeptali na p\u00e1r ot\u00e1zek :-)!<\/p>\n","protected":false},"excerpt":{"rendered":"<p>Dne 7. prosince p\u0159ijela do \u0161koly redaktorka \u010cesk\u00e9ho rozhlasu V\u011bra H\u00e1jkov\u00e1, aby s n\u00e1mi redaktory ud\u011blala rozhovor o\u00a0 \u00fasp\u011bchu v celoropublikov\u00e9m fin\u00e1le, kde\u00a0jsem z\u00edskali\u00a02. m\u00edsto.&hellip; <\/p>\n","protected":false},"author":13,"featured_media":3278,"comment_status":"open","ping_status":"closed","sticky":false,"template":"","format":"standard","meta":{"footnotes":""},"categories":[49,153],"tags":[75],"class_list":["post-3275","post","type-post","status-publish","format-standard","has-post-thumbnail","hentry","category-nezarazene","category-rozhovory","tag-prosinec-2015"],"_links":{"self":[{"href":"https:\/\/www.zsben.cz\/labyrint\/index.php?rest_route=\/wp\/v2\/posts\/3275","targetHints":{"allow":["GET"]}}],"collection":[{"href":"https:\/\/www.zsben.cz\/labyrint\/index.php?rest_route=\/wp\/v2\/posts"}],"about":[{"href":"https:\/\/www.zsben.cz\/labyrint\/index.php?rest_route=\/wp\/v2\/types\/post"}],"author":[{"embeddable":true,"href":"https:\/\/www.zsben.cz\/labyrint\/index.php?rest_route=\/wp\/v2\/users\/13"}],"replies":[{"embeddable":true,"href":"https:\/\/www.zsben.cz\/labyrint\/index.php?rest_route=%2Fwp%2Fv2%2Fcomments&post=3275"}],"version-history":[{"count":1,"href":"https:\/\/www.zsben.cz\/labyrint\/index.php?rest_route=\/wp\/v2\/posts\/3275\/revisions"}],"predecessor-version":[{"id":3277,"href":"https:\/\/www.zsben.cz\/labyrint\/index.php?rest_route=\/wp\/v2\/posts\/3275\/revisions\/3277"}],"wp:featuredmedia":[{"embeddable":true,"href":"https:\/\/www.zsben.cz\/labyrint\/index.php?rest_route=\/wp\/v2\/media\/3278"}],"wp:attachment":[{"href":"https:\/\/www.zsben.cz\/labyrint\/index.php?rest_route=%2Fwp%2Fv2%2Fmedia&parent=3275"}],"wp:term":[{"taxonomy":"category","embeddable":true,"href":"https:\/\/www.zsben.cz\/labyrint\/index.php?rest_route=%2Fwp%2Fv2%2Fcategories&post=3275"},{"taxonomy":"post_tag","embeddable":true,"href":"https:\/\/www.zsben.cz\/labyrint\/index.php?rest_route=%2Fwp%2Fv2%2Ftags&post=3275"}],"curies":[{"name":"wp","href":"https:\/\/api.w.org\/{rel}","templated":true}]}}