{"id":3083,"date":"2015-11-24T20:27:27","date_gmt":"2015-11-24T19:27:27","guid":{"rendered":"http:\/\/www1.zsben.cz\/labyrint\/?p=3083"},"modified":"2015-11-25T15:46:27","modified_gmt":"2015-11-25T14:46:27","slug":"dukla-otevrela-sve-dvere","status":"publish","type":"post","link":"https:\/\/www.zsben.cz\/labyrint\/?p=3083","title":{"rendered":"Dukla otev\u0159ela sv\u00e9 dve\u0159e"},"content":{"rendered":"<p style=\"text-align: justify;\">Ve dne 24. listopadu 2015 byl na Z\u00e1kladn\u00ed \u0161kole Bene\u0161ov, Dukelsk\u00e1 1818 Den otev\u0159en\u00fdch dve\u0159\u00ed (DOD). Dopoledne se mohli pod\u00edvat rodi\u010de na v\u00fduku d\u011bt\u00ed ve t\u0159\u00edd\u00e1ch, kde se mohli sami zjistit, jak to d\u011btem jde. Vyu\u010dov\u00e1n\u00ed prob\u00edhalo hlavn\u011b formou her, sout\u011b\u017e\u00ed a d\u011bti m\u011bly trochu netradi\u010dn\u00ed v\u00fduku. Odpoledne prob\u00edhaly n\u00e1v\u0161t\u011bvy rodi\u010d\u016f budouc\u00edch prv\u0148\u00e1\u010dk\u016f, kte\u0159\u00ed se pod\u00edvali na vybaven\u00ed \u0161koly. Prov\u00e1d\u011bli je \u010dlenov\u00e9 \u017d\u00e1kovsk\u00e9 rady, kte\u0159\u00ed m\u011bli za \u00fakol co nejl\u00e9pe sezn\u00e1mit rodi\u010de s chodem \u0161koly.\u00a0Ve \u0161kole byli i u\u010ditel\u00e9, kte\u0159\u00ed dopl\u0148ovali informace a ukazovali, co se na \u0161kole vyu\u017e\u00edv\u00e1 za pom\u016fcky (interaktvn\u00ed tabule, u\u010debnice&#8230;) a u\u010debnice.<\/p>\n<blockquote><p><strong>,,Moc se mi na \u0161kole l\u00edb\u00ed. U\u017e se do \u0161koly t\u011b\u0161\u00edm,&#8221; \u0159ekl jeden z p\u0159ed\u0161kol\u00e1k\u016f.<\/strong><\/p><\/blockquote>\n<p style=\"text-align: justify;\">Pro p\u0159ed\u0161kol\u00e1ky byl p\u0159ipraven program pod veden\u00edm pan\u00ed u\u010ditelky Ivany Pallov\u00e9, kter\u00fd byl velmi poveden\u00fd. Rodi\u010de odch\u00e1zeli spokojeni. Douf\u00e1me, \u017ee jsme ud\u011blali maximum a na nic jsme nezapomn\u011bli rodi\u010d\u016fm \u0159\u00edct. \ud83d\ude42<\/p>\n<p style=\"text-align: justify;\">David Vesel\u00fd &#8211; I. \u0161\u00e9fredaktor<\/p>\n","protected":false},"excerpt":{"rendered":"<p>Ve dne 24. listopadu 2015 byl na Z\u00e1kladn\u00ed \u0161kole Bene\u0161ov, Dukelsk\u00e1 1818 Den otev\u0159en\u00fdch dve\u0159\u00ed (DOD). Dopoledne se mohli pod\u00edvat rodi\u010de na v\u00fduku d\u011bt\u00ed ve&hellip; <\/p>\n","protected":false},"author":13,"featured_media":2367,"comment_status":"open","ping_status":"closed","sticky":false,"template":"","format":"standard","meta":{"footnotes":""},"categories":[49],"tags":[58],"class_list":["post-3083","post","type-post","status-publish","format-standard","has-post-thumbnail","hentry","category-nezarazene","tag-listopad-2015"],"_links":{"self":[{"href":"https:\/\/www.zsben.cz\/labyrint\/index.php?rest_route=\/wp\/v2\/posts\/3083","targetHints":{"allow":["GET"]}}],"collection":[{"href":"https:\/\/www.zsben.cz\/labyrint\/index.php?rest_route=\/wp\/v2\/posts"}],"about":[{"href":"https:\/\/www.zsben.cz\/labyrint\/index.php?rest_route=\/wp\/v2\/types\/post"}],"author":[{"embeddable":true,"href":"https:\/\/www.zsben.cz\/labyrint\/index.php?rest_route=\/wp\/v2\/users\/13"}],"replies":[{"embeddable":true,"href":"https:\/\/www.zsben.cz\/labyrint\/index.php?rest_route=%2Fwp%2Fv2%2Fcomments&post=3083"}],"version-history":[{"count":1,"href":"https:\/\/www.zsben.cz\/labyrint\/index.php?rest_route=\/wp\/v2\/posts\/3083\/revisions"}],"predecessor-version":[{"id":3084,"href":"https:\/\/www.zsben.cz\/labyrint\/index.php?rest_route=\/wp\/v2\/posts\/3083\/revisions\/3084"}],"wp:featuredmedia":[{"embeddable":true,"href":"https:\/\/www.zsben.cz\/labyrint\/index.php?rest_route=\/wp\/v2\/media\/2367"}],"wp:attachment":[{"href":"https:\/\/www.zsben.cz\/labyrint\/index.php?rest_route=%2Fwp%2Fv2%2Fmedia&parent=3083"}],"wp:term":[{"taxonomy":"category","embeddable":true,"href":"https:\/\/www.zsben.cz\/labyrint\/index.php?rest_route=%2Fwp%2Fv2%2Fcategories&post=3083"},{"taxonomy":"post_tag","embeddable":true,"href":"https:\/\/www.zsben.cz\/labyrint\/index.php?rest_route=%2Fwp%2Fv2%2Ftags&post=3083"}],"curies":[{"name":"wp","href":"https:\/\/api.w.org\/{rel}","templated":true}]}}