{"id":302,"date":"2014-05-09T14:42:30","date_gmt":"2014-05-09T12:42:30","guid":{"rendered":"http:\/\/www.zsben.cz\/labyrint\/?p=302"},"modified":"2019-03-28T22:15:59","modified_gmt":"2019-03-28T21:15:59","slug":"jarni-akademie-2014","status":"publish","type":"post","link":"https:\/\/www.zsben.cz\/labyrint\/?p=302","title":{"rendered":"Jarn\u00ed akademie 2014"},"content":{"rendered":"<p><strong>Dne 7.5.2014 se na na\u0161\u00ed \u0161kole uskute\u010dnila Jarn\u00ed akademie.<\/strong> Na\u0161i \u017e\u00e1ci si pro rodi\u010de a p\u0159\u00edbuzn\u00e9 p\u0159ipravili bohat\u00fd program, kter\u00fd byl opravdu hezk\u00fd. Jako prvn\u00ed se p\u0159edsavil 1. stupe\u0148, kter\u00fd m\u011bl t\u00e9ma sporty. Ka\u017ed\u00e1 t\u0159\u00edda si p\u0159ipravila n\u011bj\u00e1k\u00e9 mal\u00e9 vystoupen\u00ed nap\u0159. b\u00e1sni\u010dky, tan\u010den\u00ed,\u00a0 zp\u00edv\u00e1n\u00ed a r\u016fzn\u00e1 jin\u00e1 vystoupen\u00ed. Na konci 1. stupn\u011b se p\u0159edstavil z\u00e1jmov\u00fd krou\u017eek Dramatick\u00e1 v\u00fdchova, kter\u00fd p\u0159edvedl kr\u00e1tk\u00e9 divadlo, d\u00e1le se p\u0159edstavil krou\u017eek aerobic se sv\u00fdm tane\u010dn\u00edm vystoupen\u00edm. Po kr\u00e1tk\u00e9 p\u0159est\u00e1vce se p\u0159edsavil 2. stupe\u0148. Vystoupen\u00ed m\u011bli vystupuj\u00edc\u00ed\u00a0t\u00e9\u017e velice kr\u00e1sn\u00e9. Druh\u00fd stupe\u0148 n\u00e1m uk\u00e1zal, jak um\u00ed tan\u010dit, co v\u0161echno um\u00ed na\u0161i \u0161es\u0165\u00e1ci. Op\u011bt na konci se n\u00e1m p\u0159edstavily krou\u017eky, nejd\u0159iv se p\u0159edsavilo JUDO, pot\u00e9 p\u011bveck\u00fd sbor \u0161koly pod veden\u00ed pana u\u010ditele J. Doubka, ale nakonec se p\u0159edsavila kapela BLACK PITT, ve kter\u00e9 hraj\u00ed\u00a02 z na\u0161ich dev\u00e1\u0165\u00e1k\u016f. Mysl\u00edm, \u017ee se cel\u00e1 Jarn\u00ed akademie vyvedla a t\u011b\u0161\u00edm se op\u011bt za dva roky.<\/p>\n<p style=\"text-align: left;\">(Za \u0161kon\u00ed \u010dasopis Labyrint: David Vesel\u00fd)<\/p>\n","protected":false},"excerpt":{"rendered":"<p>Dne 7.5.2014 se na na\u0161\u00ed \u0161kole uskute\u010dnila Jarn\u00ed akademie. Na\u0161i \u017e\u00e1ci si pro rodi\u010de a p\u0159\u00edbuzn\u00e9 p\u0159ipravili bohat\u00fd program, kter\u00fd byl opravdu hezk\u00fd. Jako prvn\u00ed&hellip; <\/p>\n","protected":false},"author":13,"featured_media":0,"comment_status":"closed","ping_status":"closed","sticky":false,"template":"","format":"standard","meta":{"footnotes":""},"categories":[49,135],"tags":[],"class_list":["post-302","post","type-post","status-publish","format-standard","hentry","category-nezarazene","category-skolni-akce"],"_links":{"self":[{"href":"https:\/\/www.zsben.cz\/labyrint\/index.php?rest_route=\/wp\/v2\/posts\/302","targetHints":{"allow":["GET"]}}],"collection":[{"href":"https:\/\/www.zsben.cz\/labyrint\/index.php?rest_route=\/wp\/v2\/posts"}],"about":[{"href":"https:\/\/www.zsben.cz\/labyrint\/index.php?rest_route=\/wp\/v2\/types\/post"}],"author":[{"embeddable":true,"href":"https:\/\/www.zsben.cz\/labyrint\/index.php?rest_route=\/wp\/v2\/users\/13"}],"replies":[{"embeddable":true,"href":"https:\/\/www.zsben.cz\/labyrint\/index.php?rest_route=%2Fwp%2Fv2%2Fcomments&post=302"}],"version-history":[{"count":3,"href":"https:\/\/www.zsben.cz\/labyrint\/index.php?rest_route=\/wp\/v2\/posts\/302\/revisions"}],"predecessor-version":[{"id":8419,"href":"https:\/\/www.zsben.cz\/labyrint\/index.php?rest_route=\/wp\/v2\/posts\/302\/revisions\/8419"}],"wp:attachment":[{"href":"https:\/\/www.zsben.cz\/labyrint\/index.php?rest_route=%2Fwp%2Fv2%2Fmedia&parent=302"}],"wp:term":[{"taxonomy":"category","embeddable":true,"href":"https:\/\/www.zsben.cz\/labyrint\/index.php?rest_route=%2Fwp%2Fv2%2Fcategories&post=302"},{"taxonomy":"post_tag","embeddable":true,"href":"https:\/\/www.zsben.cz\/labyrint\/index.php?rest_route=%2Fwp%2Fv2%2Ftags&post=302"}],"curies":[{"name":"wp","href":"https:\/\/api.w.org\/{rel}","templated":true}]}}