{"id":232,"date":"2014-04-22T20:21:04","date_gmt":"2014-04-22T18:21:04","guid":{"rendered":"http:\/\/www.zsben.cz\/labyrint\/?p=232"},"modified":"2019-03-29T15:36:10","modified_gmt":"2019-03-29T14:36:10","slug":"dukla-ma-talent-pozvanka","status":"publish","type":"post","link":"https:\/\/www.zsben.cz\/labyrint\/?p=232","title":{"rendered":"Dukla m\u00e1 talent-pozv\u00e1nka"},"content":{"rendered":"<p><strong>Mil\u00ed rodi\u010de a spolu\u017e\u00e1ci,<\/strong><\/p>\n<p>redak\u010dn\u00ed rada \u010dasopisu Labyrint\u00a0p\u0159i\u00a0Z\u00e1kladn\u00ed\u00a0\u0161kole Bene\u0161ov, Dukelsk\u00e1\u00a0si V\u00e1s dovoluj\u00ed pozvat na fin\u00e1le\u00a01. ro\u010dn\u00edku celo\u0161koln\u00ed sout\u011b\u017ee Dukla m\u00e1 talent. Uvid\u00edte spoustu hezk\u00fdch vystoupen\u00ed, nap\u0159. zp\u011bv, tance, gymnastiku a spoustu dal\u0161\u00edch v\u011bc\u00ed. Sout\u011b\u017en\u00edm odpolednem v\u00e1s bude prov\u00e1zet \u0161\u00e9fredaktor \u010dasopisu David Vesel\u00fd. V porot\u011b op\u011bt zasedne pan\u00ed u\u010ditelka Sv\u011btlana Mix\u00e1nov\u00e1, pan\u00ed u\u010ditelka Hana\u00a0Pecha\u010dov\u00e1, pan\u00ed u\u010ditelka Iva\u00a0He\u0159m\u00e1nkov\u00e1, Kl\u00e1ra Mal\u00e1tov\u00e1 z 8.B a David Vesel\u00fd z 7.B.\u00a0Douf\u00e1me, \u017ee se p\u0159ijdete pod\u00edvat. T\u011b\u0161\u00edme se na V\u00e1s.<\/p>\n<p>(Porota sout\u011b\u017ee DmT)<\/p>\n","protected":false},"excerpt":{"rendered":"<p>Mil\u00ed rodi\u010de a spolu\u017e\u00e1ci, redak\u010dn\u00ed rada \u010dasopisu Labyrint\u00a0p\u0159i\u00a0Z\u00e1kladn\u00ed\u00a0\u0161kole Bene\u0161ov, Dukelsk\u00e1\u00a0si V\u00e1s dovoluj\u00ed pozvat na fin\u00e1le\u00a01. ro\u010dn\u00edku celo\u0161koln\u00ed sout\u011b\u017ee Dukla m\u00e1 talent. Uvid\u00edte spoustu hezk\u00fdch vystoupen\u00ed,&hellip; <\/p>\n","protected":false},"author":13,"featured_media":0,"comment_status":"closed","ping_status":"closed","sticky":false,"template":"","format":"standard","meta":{"footnotes":""},"categories":[140,49],"tags":[],"class_list":["post-232","post","type-post","status-publish","format-standard","hentry","category-dukla-ma-talent","category-nezarazene"],"_links":{"self":[{"href":"https:\/\/www.zsben.cz\/labyrint\/index.php?rest_route=\/wp\/v2\/posts\/232","targetHints":{"allow":["GET"]}}],"collection":[{"href":"https:\/\/www.zsben.cz\/labyrint\/index.php?rest_route=\/wp\/v2\/posts"}],"about":[{"href":"https:\/\/www.zsben.cz\/labyrint\/index.php?rest_route=\/wp\/v2\/types\/post"}],"author":[{"embeddable":true,"href":"https:\/\/www.zsben.cz\/labyrint\/index.php?rest_route=\/wp\/v2\/users\/13"}],"replies":[{"embeddable":true,"href":"https:\/\/www.zsben.cz\/labyrint\/index.php?rest_route=%2Fwp%2Fv2%2Fcomments&post=232"}],"version-history":[{"count":5,"href":"https:\/\/www.zsben.cz\/labyrint\/index.php?rest_route=\/wp\/v2\/posts\/232\/revisions"}],"predecessor-version":[{"id":813,"href":"https:\/\/www.zsben.cz\/labyrint\/index.php?rest_route=\/wp\/v2\/posts\/232\/revisions\/813"}],"wp:attachment":[{"href":"https:\/\/www.zsben.cz\/labyrint\/index.php?rest_route=%2Fwp%2Fv2%2Fmedia&parent=232"}],"wp:term":[{"taxonomy":"category","embeddable":true,"href":"https:\/\/www.zsben.cz\/labyrint\/index.php?rest_route=%2Fwp%2Fv2%2Fcategories&post=232"},{"taxonomy":"post_tag","embeddable":true,"href":"https:\/\/www.zsben.cz\/labyrint\/index.php?rest_route=%2Fwp%2Fv2%2Ftags&post=232"}],"curies":[{"name":"wp","href":"https:\/\/api.w.org\/{rel}","templated":true}]}}