{"id":1917,"date":"2015-09-21T13:53:29","date_gmt":"2015-09-21T12:53:29","guid":{"rendered":"http:\/\/www1.zsben.cz\/labyrint\/?p=1917"},"modified":"2019-03-29T15:40:02","modified_gmt":"2019-03-29T14:40:02","slug":"rozhovor-s-porotkyni-filiz-nevzatovou-kartovou","status":"publish","type":"post","link":"https:\/\/www.zsben.cz\/labyrint\/?p=1917","title":{"rendered":"Rozhovor s porotkyn\u00ed Filiz Nevzatovou Kartovou"},"content":{"rendered":"<p>Jak asi v\u0161ichni v\u00edte, i tento \u0161koln\u00ed rok bude Labyrintem: \u0161koln\u00edm \u010dasopisem po\u0159\u00e1dan\u00e1 sout\u011b\u017e Dukla m\u00e1 TALENT, ale ne\u017e v\u0161echno za\u010dne, ud\u011bl\u00e1me\u00a0s ka\u017ed\u00fdm porotcem sout\u011b\u017ee rozhovor. Jako prvn\u00ed jsme ud\u011blali rozhovor s novou porotkyn\u00ed Filiz Nevzatovou Kartovou, kter\u00e1 vyst\u0159\u00eddala v sout\u011b\u017ei Kl\u00e1ru Mal\u00e1tovou, kter\u00e1 u\u017e na\u0161i \u0161kolu opustila. Tady jsou jej\u00ed odpov\u011bdi. \ud83d\ude42<\/p>\n<p><span style=\"color: #008000;\"><em><strong><img loading=\"lazy\" decoding=\"async\" class=\"alignleft size-medium wp-image-1918\" src=\"http:\/\/www.zsben.cz\/labyrint\/wp-content\/uploads\/2015\/09\/sgs-300x300.jpg\" alt=\"sgs\" width=\"300\" height=\"300\" \/>1.\u00a0Jak\u00e9 je to b\u00fdt v porot\u011b Dukla m\u00e1 TALENT?<\/strong><\/em><\/span><\/p>\n<p><span style=\"color: #008000;\">Je to dobr\u00fd pocit. Nikdy jsem si nemyslela, \u017ee budu v porot\u011b. Jsem zv\u011bdav\u00e1, jak to v\u0161e bude prob\u00edhat.<\/span><\/p>\n<p><em><strong><span style=\"color: #ff6600;\">2.\u00a0Jak si se do sout\u011b\u017ee dostala?<\/span><\/strong><\/em><\/p>\n<p><span style=\"color: #ff6600;\">Navrhl mi to m\u016fj spolu\u017e\u00e1k, kter\u00fd pokud v\u00edm, je v porot\u011b u\u017e od za\u010d\u00e1tku sout\u011b\u017ee.\u00a0<\/span><\/p>\n<p><em><strong><span style=\"color: #ff0000;\">3.\u00a0Mysl\u00ed\u0161 si, \u017ee bude\u0161 sp\u00ed\u0161e porotkyn\u011b, kter\u00e1 nech\u00e1 postoupit, ka\u017ed\u00e9ho nebo se bude\u0161 d\u00e9le rozm\u00fd\u0161let?<\/span><\/strong><\/em><\/p>\n<p><span style=\"color: #ff0000;\">Mysl\u00edm si, \u017ee se budu d\u00e9le rozm\u00fd\u0161let. \ud83d\ude42<\/span><\/p>\n<p><em><strong><span style=\"color: #000080;\">4.\u00a0Do jak\u00e9 chod\u00ed\u0161 t\u0159\u00eddy? Kam se chyst\u00e1\u0161 na \u0161kolu?<\/span><\/strong><\/em><\/p>\n<p><span style=\"color: #000080;\">Chod\u00edm do 9.B, r\u00e1da bych se dostala na Gymnazium Bene\u0161ov. Pokud se mi nepoda\u0159\u00ed gymn\u00e1zium, tak bych se cht\u011bla dostat na st\u0159edn\u00ed \u0161kolu, kter\u00e1 je zam\u011b\u0159ena na jazyky.\u00a0<\/span><\/p>\n<p><em><strong><span style=\"color: #993366;\">5.\u00a0Co bys vzk\u00e1zala sout\u011b\u017e\u00edc\u00edm Dukla m\u00e1 TALENT III.?<\/span><\/strong><\/em><\/p>\n<p><span style=\"color: #993366;\">P\u0159ipravte se, co nejl\u00edp to jde, nebo\u0165 nejsem porotce, kter\u00e9mu se v\u0161e l\u00edb\u00ed. \ud83d\ude00\u00a0<\/span><\/p>\n<p><span style=\"color: #003300;\"><em><strong>6.\u00a0Jak se na sout\u011b\u017e t\u011b\u0161\u00ed\u0161?<\/strong><\/em><\/span><\/p>\n<p><span style=\"color: #003300;\">Moc se t\u011b\u0161\u00edm. Bude to zaj\u00edmav\u00e9.<\/span><\/p>\n<p>&nbsp;<\/p>\n<p>D\u011bkujeme Filiz za odpov\u011bdi. P\u0159\u00ed\u0161t\u00ed t\u00fdden p\u0159ineseme dal\u0161\u00ed rozhovor s dal\u0161\u00edm porotcem. \ud83d\ude42<\/p>\n","protected":false},"excerpt":{"rendered":"<p>Jak asi v\u0161ichni v\u00edte, i tento \u0161koln\u00ed rok bude Labyrintem: \u0161koln\u00edm \u010dasopisem po\u0159\u00e1dan\u00e1 sout\u011b\u017e Dukla m\u00e1 TALENT, ale ne\u017e v\u0161echno za\u010dne, ud\u011bl\u00e1me\u00a0s ka\u017ed\u00fdm porotcem sout\u011b\u017ee&hellip; <\/p>\n","protected":false},"author":13,"featured_media":1918,"comment_status":"open","ping_status":"open","sticky":false,"template":"","format":"standard","meta":{"footnotes":""},"categories":[140,49,153],"tags":[41],"class_list":["post-1917","post","type-post","status-publish","format-standard","has-post-thumbnail","hentry","category-dukla-ma-talent","category-nezarazene","category-rozhovory","tag-zari-2015"],"_links":{"self":[{"href":"https:\/\/www.zsben.cz\/labyrint\/index.php?rest_route=\/wp\/v2\/posts\/1917","targetHints":{"allow":["GET"]}}],"collection":[{"href":"https:\/\/www.zsben.cz\/labyrint\/index.php?rest_route=\/wp\/v2\/posts"}],"about":[{"href":"https:\/\/www.zsben.cz\/labyrint\/index.php?rest_route=\/wp\/v2\/types\/post"}],"author":[{"embeddable":true,"href":"https:\/\/www.zsben.cz\/labyrint\/index.php?rest_route=\/wp\/v2\/users\/13"}],"replies":[{"embeddable":true,"href":"https:\/\/www.zsben.cz\/labyrint\/index.php?rest_route=%2Fwp%2Fv2%2Fcomments&post=1917"}],"version-history":[{"count":1,"href":"https:\/\/www.zsben.cz\/labyrint\/index.php?rest_route=\/wp\/v2\/posts\/1917\/revisions"}],"predecessor-version":[{"id":1919,"href":"https:\/\/www.zsben.cz\/labyrint\/index.php?rest_route=\/wp\/v2\/posts\/1917\/revisions\/1919"}],"wp:featuredmedia":[{"embeddable":true,"href":"https:\/\/www.zsben.cz\/labyrint\/index.php?rest_route=\/wp\/v2\/media\/1918"}],"wp:attachment":[{"href":"https:\/\/www.zsben.cz\/labyrint\/index.php?rest_route=%2Fwp%2Fv2%2Fmedia&parent=1917"}],"wp:term":[{"taxonomy":"category","embeddable":true,"href":"https:\/\/www.zsben.cz\/labyrint\/index.php?rest_route=%2Fwp%2Fv2%2Fcategories&post=1917"},{"taxonomy":"post_tag","embeddable":true,"href":"https:\/\/www.zsben.cz\/labyrint\/index.php?rest_route=%2Fwp%2Fv2%2Ftags&post=1917"}],"curies":[{"name":"wp","href":"https:\/\/api.w.org\/{rel}","templated":true}]}}