{"id":1629,"date":"2015-06-25T17:43:17","date_gmt":"2015-06-25T16:43:17","guid":{"rendered":"http:\/\/www1.zsben.cz\/labyrint\/?p=1629"},"modified":"2015-06-25T20:14:30","modified_gmt":"2015-06-25T19:14:30","slug":"vyrazovani-devataku-2015","status":"publish","type":"post","link":"https:\/\/www.zsben.cz\/labyrint\/?p=1629","title":{"rendered":"Vy\u0159azov\u00e1n\u00ed dev\u00e1\u0165\u00e1k\u016f 2015"},"content":{"rendered":"<p style=\"text-align: justify;\"><a href=\"http:\/\/www.zsben.cz\/labyrint\/wp-content\/uploads\/2015\/06\/image5.jpg\"><img loading=\"lazy\" decoding=\"async\" class=\" size-medium wp-image-1632 alignleft\" src=\"http:\/\/www.zsben.cz\/labyrint\/wp-content\/uploads\/2015\/06\/image5-300x225.jpg\" alt=\"image\" width=\"300\" height=\"225\" \/><\/a><\/p>\n<p style=\"text-align: justify;\">\n<p style=\"text-align: justify;\">\n<p style=\"text-align: justify;\">\n<p style=\"text-align: justify;\">\n<p style=\"text-align: justify;\">\n<p style=\"text-align: justify;\">\n<p style=\"text-align: justify;\"><a href=\"http:\/\/www.zsben.cz\/labyrint\/wp-content\/uploads\/2015\/06\/IMG_2551.mov\">IMG_2551<\/a><\/p>\n<p style=\"text-align: justify;\">Dne 25. \u010dervna prob\u011bhlo jako ka\u017edoro\u010dn\u011b na na\u0161\u00ed \u0161kole slavnostn\u00ed vy\u0159azen\u00ed \u017e\u00e1k\u016f dev\u00e1t\u00fdch t\u0159\u00edd. Ka\u017ed\u00e1 t\u0159\u00edda si p\u0159ipravila sv\u016fj program. Jedno m\u011bly v\u0161echny t\u0159i programy spole\u010dn\u00e9 &#8211; tanec. Po vystoupen\u00ed v\u0161ech t\u0159\u00edd nastalo p\u0159ed\u00e1v\u00e1n\u00ed medail\u00ed a potom i kni\u017en\u00edch odm\u011bn. V\u0161ichni byli dojat\u00ed a n\u011bkte\u0159\u00ed i bre\u010deli.<\/p>\n<p style=\"text-align: justify;\">J\u00e1 bych cht\u011bl pod\u011bkovat Kl\u00e1\u0159e Mal\u00e1tov\u00e9 a Barbo\u0159e Koll\u00e1rov\u00e9 ze t\u0159\u00eddy 9.B, za jejich p\u011bti letou pr\u00e1ci pro \u0161koln\u00ed \u010dasopis a pop\u0159\u00e1d jim hodn\u011b \u00fasp\u011bch\u016f na gymn\u00e1ziu. \ud83d\ude00<\/p>\n<p style=\"text-align: justify;\">(David Vesel\u00fd &#8211; \u0161\u00e9fredaktor)<\/p>\n","protected":false},"excerpt":{"rendered":"<p>IMG_2551 Dne 25. \u010dervna prob\u011bhlo jako ka\u017edoro\u010dn\u011b na na\u0161\u00ed \u0161kole slavnostn\u00ed vy\u0159azen\u00ed \u017e\u00e1k\u016f dev\u00e1t\u00fdch t\u0159\u00edd. Ka\u017ed\u00e1 t\u0159\u00edda si p\u0159ipravila sv\u016fj program. Jedno m\u011bly v\u0161echny t\u0159i&hellip; <\/p>\n","protected":false},"author":13,"featured_media":0,"comment_status":"open","ping_status":"closed","sticky":false,"template":"","format":"standard","meta":{"footnotes":""},"categories":[49],"tags":[34],"class_list":["post-1629","post","type-post","status-publish","format-standard","hentry","category-nezarazene","tag-cerven-2015"],"_links":{"self":[{"href":"https:\/\/www.zsben.cz\/labyrint\/index.php?rest_route=\/wp\/v2\/posts\/1629","targetHints":{"allow":["GET"]}}],"collection":[{"href":"https:\/\/www.zsben.cz\/labyrint\/index.php?rest_route=\/wp\/v2\/posts"}],"about":[{"href":"https:\/\/www.zsben.cz\/labyrint\/index.php?rest_route=\/wp\/v2\/types\/post"}],"author":[{"embeddable":true,"href":"https:\/\/www.zsben.cz\/labyrint\/index.php?rest_route=\/wp\/v2\/users\/13"}],"replies":[{"embeddable":true,"href":"https:\/\/www.zsben.cz\/labyrint\/index.php?rest_route=%2Fwp%2Fv2%2Fcomments&post=1629"}],"version-history":[{"count":2,"href":"https:\/\/www.zsben.cz\/labyrint\/index.php?rest_route=\/wp\/v2\/posts\/1629\/revisions"}],"predecessor-version":[{"id":1638,"href":"https:\/\/www.zsben.cz\/labyrint\/index.php?rest_route=\/wp\/v2\/posts\/1629\/revisions\/1638"}],"wp:attachment":[{"href":"https:\/\/www.zsben.cz\/labyrint\/index.php?rest_route=%2Fwp%2Fv2%2Fmedia&parent=1629"}],"wp:term":[{"taxonomy":"category","embeddable":true,"href":"https:\/\/www.zsben.cz\/labyrint\/index.php?rest_route=%2Fwp%2Fv2%2Fcategories&post=1629"},{"taxonomy":"post_tag","embeddable":true,"href":"https:\/\/www.zsben.cz\/labyrint\/index.php?rest_route=%2Fwp%2Fv2%2Ftags&post=1629"}],"curies":[{"name":"wp","href":"https:\/\/api.w.org\/{rel}","templated":true}]}}