{"id":1438,"date":"2015-05-25T15:21:48","date_gmt":"2015-05-25T14:21:48","guid":{"rendered":"http:\/\/www1.zsben.cz\/labyrint\/?p=1438"},"modified":"2015-05-26T12:57:53","modified_gmt":"2015-05-26T11:57:53","slug":"8-b-navstivila-poslaneckou-snemovnu","status":"publish","type":"post","link":"https:\/\/www.zsben.cz\/labyrint\/?p=1438","title":{"rendered":"8.B nav\u0161t\u00edvila Poslaneckou sn\u011bmovnu"},"content":{"rendered":"<p>&nbsp;<\/p>\n<p>Dne 25. kv\u011btna nav\u0161t\u00edvila t<a href=\"http:\/\/www.zsben.cz\/labyrint\/wp-content\/uploads\/2015\/05\/051.jpg\"><img loading=\"lazy\" decoding=\"async\" class=\"  wp-image-1444 alignleft\" src=\"http:\/\/www.zsben.cz\/labyrint\/wp-content\/uploads\/2015\/05\/051-300x225.jpg\" alt=\"051\" width=\"324\" height=\"243\" \/><\/a>\u0159\u00edda 8.B Thunovsk\u00fd pal\u00e1c, kde s\u00eddl\u00ed Poslaneck\u00e1 sn\u011bmovna \u010cR.\u00a0Nejprve jsme byli\u00a0nav\u0161t\u00edvit pan\u00ed Jaroslavu Jermanovou, kter\u00e1 je 1. m\u00edstop\u0159edsedkyn\u00ed sn\u011bmovny. Ta n\u00e1s sezn\u00e1mila, jak to ve sn\u011bmovn\u011b prob\u00edh\u00e1, co je prac\u00ed poslance atd. Potom n\u00e1sledovala je\u0161t\u011b prohl\u00eddka sn\u011bmovny. Vid\u011bli jsme zasedac\u00ed s\u00e1l, tiskov\u00fd s\u00e1l a dal\u0161\u00ed r\u016fzn\u00e9 m\u00edstnosti sn\u011bmovny. V\u00fdlet se vyda\u0159il a douf\u00e1me, \u017ee nav\u0161t\u00edv\u00edme i horn\u00ed komoru parlamentu, co\u017e je Sen\u00e1t. \ud83d\ude00<\/p>\n<p>(Za \u0161koln\u00ed \u010dasopis Labyrint: David Vesel\u00fd)<\/p>\n","protected":false},"excerpt":{"rendered":"<p>&nbsp; Dne 25. kv\u011btna nav\u0161t\u00edvila t\u0159\u00edda 8.B Thunovsk\u00fd pal\u00e1c, kde s\u00eddl\u00ed Poslaneck\u00e1 sn\u011bmovna \u010cR.\u00a0Nejprve jsme byli\u00a0nav\u0161t\u00edvit pan\u00ed Jaroslavu Jermanovou, kter\u00e1 je 1. m\u00edstop\u0159edsedkyn\u00ed sn\u011bmovny. Ta&hellip; <\/p>\n","protected":false},"author":13,"featured_media":0,"comment_status":"open","ping_status":"closed","sticky":false,"template":"","format":"standard","meta":{"footnotes":""},"categories":[49],"tags":[31],"class_list":["post-1438","post","type-post","status-publish","format-standard","hentry","category-nezarazene","tag-kveten-2015"],"_links":{"self":[{"href":"https:\/\/www.zsben.cz\/labyrint\/index.php?rest_route=\/wp\/v2\/posts\/1438","targetHints":{"allow":["GET"]}}],"collection":[{"href":"https:\/\/www.zsben.cz\/labyrint\/index.php?rest_route=\/wp\/v2\/posts"}],"about":[{"href":"https:\/\/www.zsben.cz\/labyrint\/index.php?rest_route=\/wp\/v2\/types\/post"}],"author":[{"embeddable":true,"href":"https:\/\/www.zsben.cz\/labyrint\/index.php?rest_route=\/wp\/v2\/users\/13"}],"replies":[{"embeddable":true,"href":"https:\/\/www.zsben.cz\/labyrint\/index.php?rest_route=%2Fwp%2Fv2%2Fcomments&post=1438"}],"version-history":[{"count":2,"href":"https:\/\/www.zsben.cz\/labyrint\/index.php?rest_route=\/wp\/v2\/posts\/1438\/revisions"}],"predecessor-version":[{"id":1448,"href":"https:\/\/www.zsben.cz\/labyrint\/index.php?rest_route=\/wp\/v2\/posts\/1438\/revisions\/1448"}],"wp:attachment":[{"href":"https:\/\/www.zsben.cz\/labyrint\/index.php?rest_route=%2Fwp%2Fv2%2Fmedia&parent=1438"}],"wp:term":[{"taxonomy":"category","embeddable":true,"href":"https:\/\/www.zsben.cz\/labyrint\/index.php?rest_route=%2Fwp%2Fv2%2Fcategories&post=1438"},{"taxonomy":"post_tag","embeddable":true,"href":"https:\/\/www.zsben.cz\/labyrint\/index.php?rest_route=%2Fwp%2Fv2%2Ftags&post=1438"}],"curies":[{"name":"wp","href":"https:\/\/api.w.org\/{rel}","templated":true}]}}