{"id":1372,"date":"2015-05-07T12:52:13","date_gmt":"2015-05-07T11:52:13","guid":{"rendered":"http:\/\/www1.zsben.cz\/labyrint\/?p=1372"},"modified":"2015-05-07T17:35:41","modified_gmt":"2015-05-07T16:35:41","slug":"8-bc-navstivila-sazavu","status":"publish","type":"post","link":"https:\/\/www.zsben.cz\/labyrint\/?p=1372","title":{"rendered":"8.BC nav\u0161t\u00edvily S\u00e1zavu"},"content":{"rendered":"<p>&nbsp;<\/p>\n<p><a href=\"http:\/\/www.zsben.cz\/labyrint\/wp-content\/uploads\/2015\/05\/031.jpg\"><img loading=\"lazy\" decoding=\"async\" class=\"  wp-image-1377 alignright\" src=\"http:\/\/www.zsben.cz\/labyrint\/wp-content\/uploads\/2015\/05\/031-300x225.jpg\" alt=\"031\" width=\"292\" height=\"219\" \/><\/a>Dne 7. kv\u011btna nav\u0161t\u00edvily t\u0159\u00eddy 8.B a 8.C\u00a0S\u00e1zavu. Nejprve jsme se byli pod\u00edvat ve SKL\u00c1\u0158SK\u00c9 HUTI FRANTI\u0160EK. Zde jsme se v odborn\u00e9m v\u00fdkladu dozv\u011bd\u011bli, jak se vyr\u00e1b\u00ed a\u00a0zpracov\u00e1v\u00e1 sklo, jak\u00e9 techniky se pou\u017e\u00edvaj\u00ed ke zdoben\u00ed. Asi nejzaj\u00edmav\u011bj\u0161\u00ed bylo, jak se\u00a0sklo p\u0159ibarvuje kovy. V\u0161ichni si to toti\u017e mohli vyzkou\u0161et na sv\u00edt\u00edc\u00edm expon\u00e1tu. <a href=\"http:\/\/www.zsben.cz\/labyrint\/wp-content\/uploads\/2015\/05\/043.jpg\"><img loading=\"lazy\" decoding=\"async\" class=\"  wp-image-1378 alignleft\" src=\"http:\/\/www.zsben.cz\/labyrint\/wp-content\/uploads\/2015\/05\/043-225x300.jpg\" alt=\"043\" width=\"189\" height=\"252\" \/><\/a>Pro\u0161li jsme celou hu\u0165, kter\u00e1 funguje jako muzeum, ale tak\u00e9 se tam po\u0159\u00e1daj\u00ed akce, kdy se v pec\u00edch tav\u00ed sklo. Po hodinov\u00e9 uk\u00e1zce skl\u00e1ren jsme vyrazili na dal\u0161\u00ed \u010d\u00e1st na\u0161\u00ed exkurze a to do S\u00c1ZAVSK\u00c9HO KL\u00c1\u0160TERA, p\u016fvodn\u011b centra staroslov\u011bnsk\u00e9 kultury. Tam jsme se dozv\u011bd\u011bli n\u011bco o \u017eivot\u011b mnich\u016f a o tom, jak kl\u00e1\u0161ter vypadal d\u0159\u00edve.<\/p>\n<p>Moc se n\u00e1m tento v\u00fdlet l\u00edbil a t\u011b\u0161\u00edme se na dal\u0161\u00ed exkurze. \ud83d\ude00<\/p>\n<p>(David Vesel\u00fd &#8211; \u0161\u00e9fredaktor)<\/p>\n<p>&nbsp;<\/p>\n","protected":false},"excerpt":{"rendered":"<p>&nbsp; Dne 7. kv\u011btna nav\u0161t\u00edvily t\u0159\u00eddy 8.B a 8.C\u00a0S\u00e1zavu. Nejprve jsme se byli pod\u00edvat ve SKL\u00c1\u0158SK\u00c9 HUTI FRANTI\u0160EK. Zde jsme se v odborn\u00e9m v\u00fdkladu dozv\u011bd\u011bli,&hellip; <\/p>\n","protected":false},"author":13,"featured_media":0,"comment_status":"open","ping_status":"closed","sticky":false,"template":"","format":"standard","meta":{"footnotes":""},"categories":[49],"tags":[31],"class_list":["post-1372","post","type-post","status-publish","format-standard","hentry","category-nezarazene","tag-kveten-2015"],"_links":{"self":[{"href":"https:\/\/www.zsben.cz\/labyrint\/index.php?rest_route=\/wp\/v2\/posts\/1372","targetHints":{"allow":["GET"]}}],"collection":[{"href":"https:\/\/www.zsben.cz\/labyrint\/index.php?rest_route=\/wp\/v2\/posts"}],"about":[{"href":"https:\/\/www.zsben.cz\/labyrint\/index.php?rest_route=\/wp\/v2\/types\/post"}],"author":[{"embeddable":true,"href":"https:\/\/www.zsben.cz\/labyrint\/index.php?rest_route=\/wp\/v2\/users\/13"}],"replies":[{"embeddable":true,"href":"https:\/\/www.zsben.cz\/labyrint\/index.php?rest_route=%2Fwp%2Fv2%2Fcomments&post=1372"}],"version-history":[{"count":4,"href":"https:\/\/www.zsben.cz\/labyrint\/index.php?rest_route=\/wp\/v2\/posts\/1372\/revisions"}],"predecessor-version":[{"id":1382,"href":"https:\/\/www.zsben.cz\/labyrint\/index.php?rest_route=\/wp\/v2\/posts\/1372\/revisions\/1382"}],"wp:attachment":[{"href":"https:\/\/www.zsben.cz\/labyrint\/index.php?rest_route=%2Fwp%2Fv2%2Fmedia&parent=1372"}],"wp:term":[{"taxonomy":"category","embeddable":true,"href":"https:\/\/www.zsben.cz\/labyrint\/index.php?rest_route=%2Fwp%2Fv2%2Fcategories&post=1372"},{"taxonomy":"post_tag","embeddable":true,"href":"https:\/\/www.zsben.cz\/labyrint\/index.php?rest_route=%2Fwp%2Fv2%2Ftags&post=1372"}],"curies":[{"name":"wp","href":"https:\/\/api.w.org\/{rel}","templated":true}]}}