{"id":1356,"date":"2015-05-01T10:42:04","date_gmt":"2015-05-01T09:42:04","guid":{"rendered":"http:\/\/www1.zsben.cz\/labyrint\/?p=1356"},"modified":"2015-05-02T20:24:26","modified_gmt":"2015-05-02T19:24:26","slug":"zememericstvi-v-8-tridach","status":"publish","type":"post","link":"https:\/\/www.zsben.cz\/labyrint\/?p=1356","title":{"rendered":"Zem\u011bm\u011b\u0159i\u010dstv\u00ed v 8. t\u0159\u00edd\u00e1ch"},"content":{"rendered":"<p>Ve dne 30. dubna se t\u0159\u00eddy 8.ABC z\u00fa\u010dastnily projektu zem\u011bm\u011b\u0159i\u010dstv\u00ed v r\u00e1mci projektu p\u0159\u00edrodov\u011bdno-technick\u00fdch p\u0159edm\u011bt\u016f se SP\u0160 Vla\u0161im. Ka\u017ed\u00e1 t\u0159\u00edda m\u011bla dv\u011b hodiny s pan\u00ed L\u00edznerovou, u\u010ditelkou na SP\u0160 Vla\u0161im. V prvn\u00ed hodin\u011b jsme se bavili o tom, co je to vlastn\u011b zem\u011bm\u011b\u0159i\u010dstv\u00ed a kde a jak se tento obor d\u00e1 vyu\u017e\u00edt. Sezn\u00e1mili jsme se s pom\u016fckami a s teori\u00ed. Ve druh\u00e9 hodin\u011b jsme si mohli s pom\u016fckami pohr\u00e1t a n\u011bco i vyzkou\u0161et. Nam\u011b\u0159ili jsme si d\u00e9lku chodby, zm\u011b\u0159ili v\u00fd\u0161ku stropu u\u010debny a mnohem v\u00edce. D\u011bkujeme pan\u00ed L\u00edznerov\u00e9 za hezk\u00e9 dv\u011b hodiny a t\u011b\u0161\u00edme se na dal\u0161\u00ed p\u0159edn\u00e1\u0161ky. \ud83d\ude00<\/p>\n<p>(David Vesel\u00fd &#8211; \u0161\u00e9fredaktor)<\/p>\n","protected":false},"excerpt":{"rendered":"<p>Ve dne 30. dubna se t\u0159\u00eddy 8.ABC z\u00fa\u010dastnily projektu zem\u011bm\u011b\u0159i\u010dstv\u00ed v r\u00e1mci projektu p\u0159\u00edrodov\u011bdno-technick\u00fdch p\u0159edm\u011bt\u016f se SP\u0160 Vla\u0161im. Ka\u017ed\u00e1 t\u0159\u00edda m\u011bla dv\u011b hodiny s pan\u00ed&hellip; <\/p>\n","protected":false},"author":13,"featured_media":0,"comment_status":"open","ping_status":"closed","sticky":false,"template":"","format":"standard","meta":{"footnotes":""},"categories":[49],"tags":[31],"class_list":["post-1356","post","type-post","status-publish","format-standard","hentry","category-nezarazene","tag-kveten-2015"],"_links":{"self":[{"href":"https:\/\/www.zsben.cz\/labyrint\/index.php?rest_route=\/wp\/v2\/posts\/1356","targetHints":{"allow":["GET"]}}],"collection":[{"href":"https:\/\/www.zsben.cz\/labyrint\/index.php?rest_route=\/wp\/v2\/posts"}],"about":[{"href":"https:\/\/www.zsben.cz\/labyrint\/index.php?rest_route=\/wp\/v2\/types\/post"}],"author":[{"embeddable":true,"href":"https:\/\/www.zsben.cz\/labyrint\/index.php?rest_route=\/wp\/v2\/users\/13"}],"replies":[{"embeddable":true,"href":"https:\/\/www.zsben.cz\/labyrint\/index.php?rest_route=%2Fwp%2Fv2%2Fcomments&post=1356"}],"version-history":[{"count":2,"href":"https:\/\/www.zsben.cz\/labyrint\/index.php?rest_route=\/wp\/v2\/posts\/1356\/revisions"}],"predecessor-version":[{"id":1360,"href":"https:\/\/www.zsben.cz\/labyrint\/index.php?rest_route=\/wp\/v2\/posts\/1356\/revisions\/1360"}],"wp:attachment":[{"href":"https:\/\/www.zsben.cz\/labyrint\/index.php?rest_route=%2Fwp%2Fv2%2Fmedia&parent=1356"}],"wp:term":[{"taxonomy":"category","embeddable":true,"href":"https:\/\/www.zsben.cz\/labyrint\/index.php?rest_route=%2Fwp%2Fv2%2Fcategories&post=1356"},{"taxonomy":"post_tag","embeddable":true,"href":"https:\/\/www.zsben.cz\/labyrint\/index.php?rest_route=%2Fwp%2Fv2%2Ftags&post=1356"}],"curies":[{"name":"wp","href":"https:\/\/api.w.org\/{rel}","templated":true}]}}