{"id":12845,"date":"2023-01-20T07:46:05","date_gmt":"2023-01-20T06:46:05","guid":{"rendered":"https:\/\/www.zsben.cz\/labyrint\/?p=12845"},"modified":"2023-01-20T07:46:05","modified_gmt":"2023-01-20T06:46:05","slug":"matej-divka-jmenem-klaudie-2-dil","status":"publish","type":"post","link":"https:\/\/www.zsben.cz\/labyrint\/?p=12845","title":{"rendered":"Mat\u011bj: D\u00edvka jm\u00e9nem Klaudie (2. d\u00edl)"},"content":{"rendered":"\n\n\n<p>Po n\u011bjak\u00e9 t\u00e9 chvilce se Mat\u011bj odv\u00e1\u017eil n\u011bco \u0159\u00edct: \u201eCo tu chce\u0161?!\u201c \u010clov\u011bk, tedy jmenovala se Klaudie, byla po\u0159\u00e1d zasko\u010den\u00e1 co nebo sp\u00ed\u0161, koho to vid\u00ed. Ale nakonec \u0159ekla:, \u017ee se \u0161la proj\u00edt, aby si odpo\u010dinula a narazila\u00a0 na tenhle les a je\u0161t\u011b tu nikdy nebyla, proto\u017ee v\u0161ichni \u0159\u00edkaj\u00ed, \u017ee tady stra\u0161\u00ed.<\/p>\n<p>Mat\u011bj: \u201eTo stra\u0161\u00ed.\u201c. Pak se za\u010dali bavit. Bavili se asi p\u016fl hodiny a stihli si \u0159\u00edct skoro v\u0161e. Ale Klaudiina posledn\u00ed ot\u00e1zka byla: \u201eA pro\u010d tady vlastn\u011b \u017eije\u0161 s\u00e1m?\u201c<\/p>\n<p>Tahle ot\u00e1zka Mat\u011bje docela zasko\u010dila ale nakonec: \u201eJ\u00e1&#8230;\u201c A n\u011bco za\u010dalo zvonit. Mat\u011bj se lekl, ale Klaudie ho uklidnila, \u017ee j\u00ed jen vol\u00e1 mamka, sice to nech\u00e1pal, ale d\u011blal, \u017ee ano.<\/p>\n<p>Pot\u00e9 se sch\u00e1zeli ka\u017ed\u00fd den.<\/p>\n<p>V jeden den se Mat\u011bj probudil a byl veselej\u0161\u00ed ne\u017e jindy a to proto\u017ee k n\u011bmu m\u011bla i dnes p\u0159ij\u00edt Klaudie. Ud\u011blal si jako v\u017edy sv\u016fj obl\u00edben\u00fd sal\u00e1t a \u0161el \u010dekat na Klaudii. \u010cekal dlouho hodn\u011b dlouho a u\u017e i za\u010d\u00ednala b\u00fdt tma. A Mat\u011bj u\u017e cht\u011bl j\u00edt do chaloupky, ale pak najednou usly\u0161el jakoby k n\u011bmu n\u011bkdo \u0161el. A d\u00e1val mu n\u011bco p\u0159es hlavu a pak omdlel.<\/p>\n<p>A probudil se a\u017e n\u011bkde v \u010dern\u00e9 m\u00edstnosti. Volal o pomoc, ale nikdo neodpov\u00eddal. V hlav\u011b mu b\u011bhalo, \u017ee jedin\u00e9 Klaudii \u0159ekl v\u0161e o sob\u011b, ale po\u0159\u00e1d si \u0159\u00edkal, \u017ee to nen\u00ed mo\u017en\u00e9, aby ho takhle zradila, ale potom si uv\u011bdomil, \u017ee u\u017e n\u011bkolik dn\u00ed sly\u0161\u00ed r\u016fzn\u00e9 podivn\u00e9 v\u011bci. A pak mu to docvaklo. A pomyslel si: \u201eV\u017edy\u0165 on n\u00e1s n\u011bkdo pron\u00e1sledoval.\u201c Hned na to sly\u0161el, jako kdyby se otev\u00edraly dve\u0159e. A proto\u017ee byla tma, nevid\u011bl kdo k n\u011bmu jde.<\/p>\n<p>A potom si v\u0161iml, \u017ee ten, kdo m\u011bl v ruce baterku, je mu\u017e. Potom ho odt\u00e1hl do n\u011bjak\u00e9 obrovsk\u00e9 m\u00edstnosti s pr\u016fhledn\u00fdmi, sv\u00edt\u00edc\u00edmi a r\u016fzn\u011b barevn\u00fdmi lahvi\u010dkami, na kter\u00fdch byly, napsan\u00e9 r\u016fzn\u00e9 n\u00e1zvy, ale Mat\u011bj je nep\u0159e\u010detl, proto\u017ee byl moc malink\u00fd.\u00a0<\/p>\n<p>U\u017e tam byl asi dva dny a mezit\u00edm k n\u011bmu dom\u016f p\u0159i\u0161la Klaudie, kter\u00e1 mu cht\u011bla \u0159\u00edct, \u017ee nemohla p\u0159ij\u00edt, proto\u017ee j\u00ed mamka dala dom\u00e1c\u00ed v\u011bzen\u00ed, ale \u017ee se potichu vypl\u00ed\u017eila a utekla. Kdy\u017e p\u0159i\u0161la, uvid\u011bla, zahr\u00e1dka, na kter\u00e9 Mat\u011bj b\u00fdv\u00e1 v\u011bt\u0161inu \u010dasu je pr\u00e1zdn\u00e1, ve\u0161la tedy dovnit\u0159 chaloupky, pro\u0161la j\u00ed a nikoho nena\u0161la, ale potom si v\u0161imla podivn\u00e9 knihy a na ob\u00e1lce bylo velk\u00fdm p\u00edsmem naps\u00e1no: NEKONE\u010cN\u00c1 KNIHA KOUZEL.<\/p>\n<p><em>Mariana Bu\u010dkov\u00e1, 6. D<\/em><\/p>\n<p>\u00a0<\/p>\n","protected":false},"excerpt":{"rendered":"<p>Po n\u011bjak\u00e9 t\u00e9 chvilce se Mat\u011bj odv\u00e1\u017eil n\u011bco \u0159\u00edct: \u201eCo tu chce\u0161?!\u201c \u010clov\u011bk, tedy jmenovala se Klaudie, byla po\u0159\u00e1d zasko\u010den\u00e1 co nebo sp\u00ed\u0161, koho to&hellip; <\/p>\n","protected":false},"author":79,"featured_media":0,"comment_status":"open","ping_status":"open","sticky":false,"template":"","format":"standard","meta":{"footnotes":""},"categories":[49,154],"tags":[],"class_list":["post-12845","post","type-post","status-publish","format-standard","hentry","category-nezarazene","category-pribehy-na-pokracovani"],"_links":{"self":[{"href":"https:\/\/www.zsben.cz\/labyrint\/index.php?rest_route=\/wp\/v2\/posts\/12845","targetHints":{"allow":["GET"]}}],"collection":[{"href":"https:\/\/www.zsben.cz\/labyrint\/index.php?rest_route=\/wp\/v2\/posts"}],"about":[{"href":"https:\/\/www.zsben.cz\/labyrint\/index.php?rest_route=\/wp\/v2\/types\/post"}],"author":[{"embeddable":true,"href":"https:\/\/www.zsben.cz\/labyrint\/index.php?rest_route=\/wp\/v2\/users\/79"}],"replies":[{"embeddable":true,"href":"https:\/\/www.zsben.cz\/labyrint\/index.php?rest_route=%2Fwp%2Fv2%2Fcomments&post=12845"}],"version-history":[{"count":9,"href":"https:\/\/www.zsben.cz\/labyrint\/index.php?rest_route=\/wp\/v2\/posts\/12845\/revisions"}],"predecessor-version":[{"id":13280,"href":"https:\/\/www.zsben.cz\/labyrint\/index.php?rest_route=\/wp\/v2\/posts\/12845\/revisions\/13280"}],"wp:attachment":[{"href":"https:\/\/www.zsben.cz\/labyrint\/index.php?rest_route=%2Fwp%2Fv2%2Fmedia&parent=12845"}],"wp:term":[{"taxonomy":"category","embeddable":true,"href":"https:\/\/www.zsben.cz\/labyrint\/index.php?rest_route=%2Fwp%2Fv2%2Fcategories&post=12845"},{"taxonomy":"post_tag","embeddable":true,"href":"https:\/\/www.zsben.cz\/labyrint\/index.php?rest_route=%2Fwp%2Fv2%2Ftags&post=12845"}],"curies":[{"name":"wp","href":"https:\/\/api.w.org\/{rel}","templated":true}]}}