{"id":12567,"date":"2022-05-20T07:32:57","date_gmt":"2022-05-20T05:32:57","guid":{"rendered":"https:\/\/www.zsben.cz\/labyrint\/?p=12567"},"modified":"2022-05-29T09:04:05","modified_gmt":"2022-05-29T07:04:05","slug":"rozhovor-s-vyherkyni-dukla-ma-talent-viii","status":"publish","type":"post","link":"https:\/\/www.zsben.cz\/labyrint\/?p=12567","title":{"rendered":"Rozhovor s v\u00fdherkyn\u00ed Dukla m\u00e1 Talent VIII."},"content":{"rendered":"\n<p><strong>Povedlo se n\u00e1m z\u00edskat rozhovor s leto\u0161n\u00ed v\u00fdherkyn\u00ed Dukla m\u00e1 talent VIII., Julinkou Pechovou, kter\u00e1 zv\u00edt\u011bzila se svou hrou na ukulele:<\/strong><\/p>\n<p>Moder\u00e1tor: \u010cekala jsi v\u00fdhru?<\/p>\n<p>V\u00edt\u011bzka: Ne, na tu jsem ani nepomyslela.<\/p>\n<p>Moder\u00e1tor: Byla jsi p\u0159ekvapen\u00e1? Jak jsi na to reagovala?<\/p>\n<p>V\u00edt\u011bzka: Byla jsem dojat\u00e1, opravdu m\u011b to p\u0159ekvapilo.<\/p>\n<p>Moder\u00e1tor: A bre\u010dela jsi?<\/p>\n<p>V\u00edt\u011bzka: Trochu&#8230;<\/p>\n<p>Moder\u00e1tor: A co na to \u0159\u00edkala tvoje sestra?<\/p>\n<p>V\u00edt\u011bzka: Byla taky nad\u0161en\u00e1, proto\u017ee vystoupila se mnou a podpo\u0159ila m\u011b.<\/p>\n<p>Moder\u00e1tor: A nevad\u00ed ti, \u017ee se s tvoj\u00ed sestrou d\u011bl\u00ed\u0161 o v\u00fdhru?<\/p>\n<p>V\u00edt\u011bzka: Ano.\u00a0<\/p>\n<p>Moder\u00e1tor: Ale pro\u010d?<\/p>\n<p>V\u00edt\u011bzka: Proto\u017ee si ze m\u011b d\u011bl\u00e1 legraci, \u017ee je poh\u00e1r jenom jej\u00ed. \ud83d\ude42<\/p>\n<p>Moder\u00e1tor: A co j\u00ed na to \u0159ekne\u0161, kdy\u017e si takhle st\u011b\u017euje?<\/p>\n<p>V\u00edt\u011bzka: \u017de to nen\u00ed pravda. .-)<\/p>\n<p>Moder\u00e1tor: A jak by si sv\u016fj v\u00fdkon zhodnotila ty? Byla jsi se sebou spokojen\u00e1?<\/p>\n<p>V\u00edt\u011bzka: Ano, byla.<\/p>\n<p>Moder\u00e1tor: \u010cekala jsi sv\u016fj v\u00fdkon hor\u0161\u00ed nebo lep\u0161\u00ed?<\/p>\n<p>V\u00edt\u011bzka: \u010cekala jsem to hor\u0161\u00ed.\u00a0<\/p>\n<p>Moder\u00e1tor: A pro\u010d jsi vybrala tu p\u00edsni\u010dku, kterou si zp\u00edvala?<\/p>\n<p>V\u00edt\u011bzka: Proto\u017ee u n\u00e1s byla sest\u0159enice\u00a0 a nau\u010dila m\u011b to. I\u00a0 akordy. Tak jsem \u0159\u00edkala, \u017ee u\u017e ji trochu um\u00edm a cht\u011bla jsem se ji nau\u010dit celou.<\/p>\n<p>Moder\u00e1tor: Jak dlouho ti trvalo nau\u010dit\u00a0 se hr\u00e1t na ukulele a celkov\u011b i s p\u0159\u00edprava?<\/p>\n<p>V\u00edt\u011bzka: Dva t\u00fddny.<\/p>\n<p>Moder\u00e1tor: To je m\u00e1lo. A pom\u00e1hala ti mamka?\u00a0<\/p>\n<p>V\u00edt\u011bzka: Ano. I t\u00e1ta ten m\u011b u\u010dil angli\u010dtinu. Sestra m\u011b u\u010dila na ukulele. Mamka pom\u00e1hala s\u00a0 oboj\u00edm. A m\u016fj pejsek do toho \u0161t\u011bkal.\u00a0<\/p>\n<p>Moder\u00e1tor: Byla tvoje sestra dobr\u00fd par\u0165\u00e1k?<\/p>\n<p>V\u00edt\u011bzka: Ano.<\/p>\n<p>Moder\u00e1tor: Kam jsi si dala sv\u016fj poh\u00e1r?<\/p>\n<p>V\u00edt\u011bzka: Na novou poli\u010dku.<\/p>\n<p>Moder\u00e1tor: Chce\u0161 k tomu je\u0161t\u011b n\u011bco dodat sama?\u00a0<\/p>\n<p>V\u00edt\u011bzka: Bavilo m\u011b to a jsem sama se sebou spokojen\u00e1.<\/p>\n<p>Moder\u00e1tor: Tak to je v\u0161echno, d\u011bkuji. \ud83d\ude42<\/p>\n<p>\u00a0<\/p>\n<p><em>Kate\u0159ina \u010ceperov\u00e1 5. C<\/em><\/p>\n","protected":false},"excerpt":{"rendered":"<p>Povedlo se n\u00e1m z\u00edskat rozhovor s leto\u0161n\u00ed v\u00fdherkyn\u00ed Dukla m\u00e1 talent VIII., Julinkou Pechovou, kter\u00e1 zv\u00edt\u011bzila se svou hrou na ukulele: Moder\u00e1tor: \u010cekala jsi v\u00fdhru?&hellip; <\/p>\n","protected":false},"author":77,"featured_media":12583,"comment_status":"open","ping_status":"open","sticky":false,"template":"","format":"standard","meta":{"footnotes":""},"categories":[140,49],"tags":[],"class_list":["post-12567","post","type-post","status-publish","format-standard","has-post-thumbnail","hentry","category-dukla-ma-talent","category-nezarazene"],"_links":{"self":[{"href":"https:\/\/www.zsben.cz\/labyrint\/index.php?rest_route=\/wp\/v2\/posts\/12567","targetHints":{"allow":["GET"]}}],"collection":[{"href":"https:\/\/www.zsben.cz\/labyrint\/index.php?rest_route=\/wp\/v2\/posts"}],"about":[{"href":"https:\/\/www.zsben.cz\/labyrint\/index.php?rest_route=\/wp\/v2\/types\/post"}],"author":[{"embeddable":true,"href":"https:\/\/www.zsben.cz\/labyrint\/index.php?rest_route=\/wp\/v2\/users\/77"}],"replies":[{"embeddable":true,"href":"https:\/\/www.zsben.cz\/labyrint\/index.php?rest_route=%2Fwp%2Fv2%2Fcomments&post=12567"}],"version-history":[{"count":5,"href":"https:\/\/www.zsben.cz\/labyrint\/index.php?rest_route=\/wp\/v2\/posts\/12567\/revisions"}],"predecessor-version":[{"id":12600,"href":"https:\/\/www.zsben.cz\/labyrint\/index.php?rest_route=\/wp\/v2\/posts\/12567\/revisions\/12600"}],"wp:featuredmedia":[{"embeddable":true,"href":"https:\/\/www.zsben.cz\/labyrint\/index.php?rest_route=\/wp\/v2\/media\/12583"}],"wp:attachment":[{"href":"https:\/\/www.zsben.cz\/labyrint\/index.php?rest_route=%2Fwp%2Fv2%2Fmedia&parent=12567"}],"wp:term":[{"taxonomy":"category","embeddable":true,"href":"https:\/\/www.zsben.cz\/labyrint\/index.php?rest_route=%2Fwp%2Fv2%2Fcategories&post=12567"},{"taxonomy":"post_tag","embeddable":true,"href":"https:\/\/www.zsben.cz\/labyrint\/index.php?rest_route=%2Fwp%2Fv2%2Ftags&post=12567"}],"curies":[{"name":"wp","href":"https:\/\/api.w.org\/{rel}","templated":true}]}}