{"id":1230,"date":"2015-03-31T11:29:16","date_gmt":"2015-03-31T10:29:16","guid":{"rendered":"http:\/\/www1.zsben.cz\/labyrint\/?p=1230"},"modified":"2019-03-29T15:40:02","modified_gmt":"2019-03-29T14:40:02","slug":"treti-letosni-cislo-tisteneho-casopisu","status":"publish","type":"post","link":"https:\/\/www.zsben.cz\/labyrint\/?p=1230","title":{"rendered":"T\u0159et\u00ed leto\u0161n\u00ed \u010d\u00edslo ti\u0161t\u011bn\u00e9ho \u010dasopisu"},"content":{"rendered":"<p>Mil\u00ed \u010dten\u00e1\u0159i,<\/p>\n<p>jaro je tu a Velikonoce za dve\u0159mi a my v redakci \u0161koln\u00edho \u010dasopisu pro v\u00e1s m\u00e1me\u00a0 p\u0159ipraven\u00e9 dal\u0161\u00ed \u010d\u00edslo na\u0161eho \u0161koln\u00edho \u010dasopisu. Ve sv\u00fdch t\u0159\u00edd\u00e1ch ho budete m\u00edt ji\u017e po Velikonoc\u00edch, a co se v n\u011bm do\u010dtete? Ur\u010dit\u011b to bude zhodnocen\u00ed\u00a0celo\u0161koln\u00ed sout\u011b\u017e Dukla m\u00e1 Talent, d\u00e1le to bude Noc s Andersenem,\u00a0 rozhovor s \u00fasp\u011b\u0161nou n\u011bm\u010din\u00e1\u0159kou S\u00e1rou Zemanovou, kter\u00e1\u00a0z\u00edskala 3. m\u00edsto v krajsk\u00e9 sout\u011b\u017ei,\u00a0a my j\u00ed gratulujeme! Nebude chyb\u011bt ani rubrika Na\u0161i u\u010ditel\u00e9 a mnohem v\u00edce. Douf\u00e1me, \u017ee se v\u00e1m bude \u010dasopis l\u00edbit. \ud83d\ude00<\/p>\n<p>(\u0160\u00e9fredaktor David Vesel\u00fd)<\/p>\n","protected":false},"excerpt":{"rendered":"<p>Mil\u00ed \u010dten\u00e1\u0159i, jaro je tu a Velikonoce za dve\u0159mi a my v redakci \u0161koln\u00edho \u010dasopisu pro v\u00e1s m\u00e1me\u00a0 p\u0159ipraven\u00e9 dal\u0161\u00ed \u010d\u00edslo na\u0161eho \u0161koln\u00edho \u010dasopisu. Ve&hellip; <\/p>\n","protected":false},"author":13,"featured_media":0,"comment_status":"open","ping_status":"closed","sticky":false,"template":"","format":"standard","meta":{"footnotes":""},"categories":[140,49,153],"tags":[28],"class_list":["post-1230","post","type-post","status-publish","format-standard","hentry","category-dukla-ma-talent","category-nezarazene","category-rozhovory","tag-brezen-2015"],"_links":{"self":[{"href":"https:\/\/www.zsben.cz\/labyrint\/index.php?rest_route=\/wp\/v2\/posts\/1230","targetHints":{"allow":["GET"]}}],"collection":[{"href":"https:\/\/www.zsben.cz\/labyrint\/index.php?rest_route=\/wp\/v2\/posts"}],"about":[{"href":"https:\/\/www.zsben.cz\/labyrint\/index.php?rest_route=\/wp\/v2\/types\/post"}],"author":[{"embeddable":true,"href":"https:\/\/www.zsben.cz\/labyrint\/index.php?rest_route=\/wp\/v2\/users\/13"}],"replies":[{"embeddable":true,"href":"https:\/\/www.zsben.cz\/labyrint\/index.php?rest_route=%2Fwp%2Fv2%2Fcomments&post=1230"}],"version-history":[{"count":1,"href":"https:\/\/www.zsben.cz\/labyrint\/index.php?rest_route=\/wp\/v2\/posts\/1230\/revisions"}],"predecessor-version":[{"id":1231,"href":"https:\/\/www.zsben.cz\/labyrint\/index.php?rest_route=\/wp\/v2\/posts\/1230\/revisions\/1231"}],"wp:attachment":[{"href":"https:\/\/www.zsben.cz\/labyrint\/index.php?rest_route=%2Fwp%2Fv2%2Fmedia&parent=1230"}],"wp:term":[{"taxonomy":"category","embeddable":true,"href":"https:\/\/www.zsben.cz\/labyrint\/index.php?rest_route=%2Fwp%2Fv2%2Fcategories&post=1230"},{"taxonomy":"post_tag","embeddable":true,"href":"https:\/\/www.zsben.cz\/labyrint\/index.php?rest_route=%2Fwp%2Fv2%2Ftags&post=1230"}],"curies":[{"name":"wp","href":"https:\/\/api.w.org\/{rel}","templated":true}]}}